{"id":50697,"date":"2024-03-15T17:44:14","date_gmt":"2024-03-15T20:44:14","guid":{"rendered":"https:\/\/infovera.com.ar\/web\/?p=50697"},"modified":"2024-03-17T11:26:42","modified_gmt":"2024-03-17T14:26:42","slug":"sosa-encabezo-una-reunion-con-el-fiscal-regional-martinez-por-la-seguridad","status":"publish","type":"post","link":"https:\/\/infovera.com.ar\/web\/2024\/03\/15\/sosa-encabezo-una-reunion-con-el-fiscal-regional-martinez-por-la-seguridad\/","title":{"rendered":"Sosa encabez\u00f3 una reuni\u00f3n con el fiscal regional Mart\u00ednez por la seguridad"},"content":{"rendered":"<p>Estuvieron presentes la intendenta de Vera, Paula Mitre; el jefe y sub jefe de la URXIX, Ariel Monje y Dar\u00edo Lacuadra; el jefe de la PDI, Luis Clement\u00edn; el director de Los Pumas, Adri\u00e1n Rolan; y el fiscal regional, Rub\u00e9n Mart\u00ednez.<\/p>\n<p>Durante su intervenci\u00f3n, el senador Osvaldo Sosa propuso una estrategia que busca acercar a la comunidad a las fuerzas policiales y optimizar los recursos disponibles. Destac\u00f3 la implementaci\u00f3n de consejos de seguridad a nivel departamental y distrital, adapt\u00e1ndolos a la idiosincrasia de cada lugar. Adem\u00e1s, enfatiz\u00f3 la necesidad de colaboraci\u00f3n entre autoridades, incluyendo intendentes, presidentes comunales y al diputado Sergio Rojas.<\/p>\n<p>La participaci\u00f3n activa de la comunidad, las instituciones y las fuerzas de seguridad de cada distrito es fundamental para mantenerse informados y trabajar en la prevenci\u00f3n, especialmente ante el auge de nuevos tipos de delitos.<\/p>\n<p>Sosa tambi\u00e9n mencion\u00f3 haber invitado a senadores de departamentos vecinos para unirse a esta iniciativa, reconociendo la importancia del trabajo conjunto para lograr resultados efectivos en materia de seguridad.<\/p>\n<p>Cabe agregar que, Rub\u00e9n Senn, asesor en seguridad del senador Osvaldo Sosa, estuvo presente en el encuentro que se llev\u00f3 a cabo en la Casa del Senado.<\/p>\n","protected":false},"excerpt":{"rendered":"<p>Estuvieron presentes la intendenta de Vera, Paula Mitre; el jefe y sub jefe de la URXIX, Ariel Monje y Dar\u00edo Lacuadra; el jefe de la PDI, Luis Clement\u00edn; el director de Los Pumas, Adri\u00e1n Rolan; y el fiscal regional, Rub\u00e9n Mart\u00ednez. Durante su intervenci\u00f3n, el senador Osvaldo Sosa propuso una estrategia que busca acercar a [&hellip;]<\/p>\n","protected":false},"author":3,"featured_media":50698,"comment_status":"closed","ping_status":"closed","sticky":false,"template":"","format":"standard","meta":{"_joinchat":[],"footnotes":""},"categories":[53],"tags":[],"class_list":{"0":"post-50697","1":"post","2":"type-post","3":"status-publish","4":"format-standard","5":"has-post-thumbnail","7":"category-vera"},"_links":{"self":[{"href":"https:\/\/infovera.com.ar\/web\/wp-json\/wp\/v2\/posts\/50697","targetHints":{"allow":["GET"]}}],"collection":[{"href":"https:\/\/infovera.com.ar\/web\/wp-json\/wp\/v2\/posts"}],"about":[{"href":"https:\/\/infovera.com.ar\/web\/wp-json\/wp\/v2\/types\/post"}],"author":[{"embeddable":true,"href":"https:\/\/infovera.com.ar\/web\/wp-json\/wp\/v2\/users\/3"}],"replies":[{"embeddable":true,"href":"https:\/\/infovera.com.ar\/web\/wp-json\/wp\/v2\/comments?post=50697"}],"version-history":[{"count":0,"href":"https:\/\/infovera.com.ar\/web\/wp-json\/wp\/v2\/posts\/50697\/revisions"}],"wp:featuredmedia":[{"embeddable":true,"href":"https:\/\/infovera.com.ar\/web\/wp-json\/wp\/v2\/media\/50698"}],"wp:attachment":[{"href":"https:\/\/infovera.com.ar\/web\/wp-json\/wp\/v2\/media?parent=50697"}],"wp:term":[{"taxonomy":"category","embeddable":true,"href":"https:\/\/infovera.com.ar\/web\/wp-json\/wp\/v2\/categories?post=50697"},{"taxonomy":"post_tag","embeddable":true,"href":"https:\/\/infovera.com.ar\/web\/wp-json\/wp\/v2\/tags?post=50697"}],"curies":[{"name":"wp","href":"https:\/\/api.w.org\/{rel}","templated":true}]}}