{"id":50695,"date":"2024-03-15T08:24:04","date_gmt":"2024-03-15T11:24:04","guid":{"rendered":"https:\/\/infovera.com.ar\/web\/?p=50695"},"modified":"2024-03-15T18:34:13","modified_gmt":"2024-03-15T21:34:13","slug":"convocatoria-a-policias-retirados-ya-hay-mas-de-70-inscriptos-en-24-horas","status":"publish","type":"post","link":"https:\/\/infovera.com.ar\/web\/2024\/03\/15\/convocatoria-a-policias-retirados-ya-hay-mas-de-70-inscriptos-en-24-horas\/","title":{"rendered":"Convocatoria a polic\u00edas retirados: ya hay m\u00e1s de 70 inscriptos en 24 horas"},"content":{"rendered":"<p>La convocatoria que lanz\u00f3 el Gobierno provincial busca contar con m\u00e1s efectivos para funciones operativas en la ciudad de Rosario. La inscripci\u00f3n se puede realizar completando un formulario online o de manera presencial.<\/p>\n<p>En el marco de la convocatoria que realiz\u00f3 el Gobierno de la provincia de Santa Fe, m\u00e1s de 70 polic\u00edas retirados ya se inscribieron para ser reincorporados en funciones operativas, para la custodia de escuelas, hospitales o edificios p\u00fablicos de la ciudad de Rosario.<br \/>\nLos interesados pueden inscribirse online, completando el formulario disponible en <a href=\"https:\/\/forms.gle\/A7Zv8GXhyw8ZheNE7\">https:\/\/forms.gle\/A7Zv8GXhyw8ZheNE7<\/a><\/p>\n<p>La inscripci\u00f3n puede realizarse adem\u00e1s de manera presencial, en la ciudad de Rosario, en el Ministerio de Justicia y Seguridad, situado en calle Santa Fe 1950, en el subsuelo, oficina 4; en la ciudad de Santa Fe, en el Ministerio, planta baja, oficina 6; en las ciudades de Reconquista y Rafaela, en las oficinas de Asuntos Internos; y en Venado Tuerto, en el Nodo Regional.<\/p>\n<p>La secretaria de Coordinaci\u00f3n T\u00e9cnica y Administraci\u00f3n Financiera del Ministerio de Justicia y Seguridad, Georgina Orciani, explic\u00f3 en la semana que \u201ces una medida extraordinaria ante la situaci\u00f3n compleja que vive la ciudad de Rosario, y toda la Unidad Regional II\u201d; y detall\u00f3 que la convocatoria incluye a \u201cpolic\u00edas retirados por causas ordinarias, que no est\u00e9n condenados por delitos contra la administraci\u00f3n p\u00fablica ni hayan sido exonerados de la fuerza. La ley N\u00ba14.237, de Emergencia en Seguridad, nos permite utilizar esta herramienta para recuperar personal operativo\u201d.<\/p>\n<p>Seg\u00fan detall\u00f3 la funcionaria, esta convocatoria es \u201cpara desempe\u00f1ar tareas \u00fanicamente en la ciudad de Rosario\u201d y permitir\u00e1 al gobierno provincial \u201ccontar con un nuevo recurso para tareas operativas en edificios p\u00fablicos y que el personal que hoy est\u00e1 abocado a esas tareas pueda ser volcado a tareas operativas en calle\u201d.<\/p>\n<p>Luego inform\u00f3 que \u201cquienes cumplan con la normativa y puedan ser reincorporados como personal activo\u201d, recibir\u00e1n una remuneraci\u00f3n que significa \u201cel doble de lo que percib\u00edan como personal retirado, por lo cual sus haberes dejan de ser abonados por la Caja de Jubilaciones de la Provincia y pasa a ser personal activo del Ministerio de Justicia y Seguridad de la provincia\u201d.<\/p>\n","protected":false},"excerpt":{"rendered":"<p>La convocatoria que lanz\u00f3 el Gobierno provincial busca contar con m\u00e1s efectivos para funciones operativas en la ciudad de Rosario. La inscripci\u00f3n se puede realizar completando un formulario online o de manera presencial. En el marco de la convocatoria que realiz\u00f3 el Gobierno de la provincia de Santa Fe, m\u00e1s de 70 polic\u00edas retirados ya [&hellip;]<\/p>\n","protected":false},"author":3,"featured_media":50614,"comment_status":"closed","ping_status":"closed","sticky":false,"template":"","format":"standard","meta":{"_joinchat":[],"footnotes":""},"categories":[60],"tags":[],"class_list":{"0":"post-50695","1":"post","2":"type-post","3":"status-publish","4":"format-standard","5":"has-post-thumbnail","7":"category-provinciales"},"_links":{"self":[{"href":"https:\/\/infovera.com.ar\/web\/wp-json\/wp\/v2\/posts\/50695","targetHints":{"allow":["GET"]}}],"collection":[{"href":"https:\/\/infovera.com.ar\/web\/wp-json\/wp\/v2\/posts"}],"about":[{"href":"https:\/\/infovera.com.ar\/web\/wp-json\/wp\/v2\/types\/post"}],"author":[{"embeddable":true,"href":"https:\/\/infovera.com.ar\/web\/wp-json\/wp\/v2\/users\/3"}],"replies":[{"embeddable":true,"href":"https:\/\/infovera.com.ar\/web\/wp-json\/wp\/v2\/comments?post=50695"}],"version-history":[{"count":0,"href":"https:\/\/infovera.com.ar\/web\/wp-json\/wp\/v2\/posts\/50695\/revisions"}],"wp:featuredmedia":[{"embeddable":true,"href":"https:\/\/infovera.com.ar\/web\/wp-json\/wp\/v2\/media\/50614"}],"wp:attachment":[{"href":"https:\/\/infovera.com.ar\/web\/wp-json\/wp\/v2\/media?parent=50695"}],"wp:term":[{"taxonomy":"category","embeddable":true,"href":"https:\/\/infovera.com.ar\/web\/wp-json\/wp\/v2\/categories?post=50695"},{"taxonomy":"post_tag","embeddable":true,"href":"https:\/\/infovera.com.ar\/web\/wp-json\/wp\/v2\/tags?post=50695"}],"curies":[{"name":"wp","href":"https:\/\/api.w.org\/{rel}","templated":true}]}}