{"id":50666,"date":"2024-03-13T17:02:46","date_gmt":"2024-03-13T20:02:46","guid":{"rendered":"https:\/\/infovera.com.ar\/web\/?p=50666"},"modified":"2024-03-14T18:36:50","modified_gmt":"2024-03-14T21:36:50","slug":"souilhe-pide-parar-los-robos-y-apura-el-inicio-de-sesiones-del-concejo","status":"publish","type":"post","link":"https:\/\/infovera.com.ar\/web\/2024\/03\/13\/souilhe-pide-parar-los-robos-y-apura-el-inicio-de-sesiones-del-concejo\/","title":{"rendered":"Souilh\u00e9 pide &#8220;parar los robos&#8221; y apura el inicio de sesiones del Concejo"},"content":{"rendered":"<p>En una nota dirigida al jefe de Unidad Regional XIX, director de Polic\u00eda Ariel Monje, el concejal Mario Souilh\u00e9 (PJ) hizo llegar su &#8220;m\u00e1s profunda preocupaci\u00f3n por los reiterados hechos de hurto menor que est\u00e1n ocurriendo en la ciudad&#8221; de Vera.<\/p>\n<p>El edil consider\u00f3 &#8220;necesario y oportuno&#8221; sugerir la realizaci\u00f3n de controles y operativos diarios en los barrios perif\u00e9ricos, que &#8220;es donde se oculta y reduce el producto de los il\u00edcitos&#8221;.<\/p>\n<p>&#8220;La situaci\u00f3n social y econ\u00f3mica, har\u00e1 que este tipo de hechos delictivos proliferen diariamente, por lo que resulta importante adoptar medidas urgentes de control y prevenci\u00f3n&#8221;, reclam\u00f3.<\/p>\n<p>Estim\u00f3, adem\u00e1s, la necesidad de realizar controles en los ingresos de la ciudad, a los fines de identificar a ocasionales visitantes que muy probablemente emigren en estos d\u00edas de las conflictivas ciudades del sur provincial.<\/p>\n<p>&#8220;Si a lo expuesto, le sumamos una campa\u00f1a de concientizaci\u00f3n a la ciudadan\u00eda sobre la importancia de extremar personalmente los controles y cuidados de nuestras pertenencias (celulares, motos, bicicletas, garrafas, puertas abiertas, etc) seguramente estaremos dando un paso muy importante&#8221;, para reducir este tipo de hechos y brindarles mayor seguridad y tranquilidad a los vecinos, concluy\u00f3.<\/p>\n<p>Paralelamente, remiti\u00f3 una misiva a la intendente Paula Mitre, a los fines de sugerirle la convocatoria &#8220;en car\u00e1cter de urgente&#8221; al inicio de las sesiones ordinarias en el Concejo Municipal de Vera.<\/p>\n<p>La profundizaci\u00f3n de la crisis en materia de seguridad, la cr\u00edtica realidad social y econ\u00f3mica de los sectores m\u00e1s vulnerables, la necesidad de analizar temas muy importantes como el estado de los caminos rurales y cuestiones vinculadas a los servicios p\u00fablicos, &#8220;ameritan que el Concejo retome sus actividades a los fines de plantear alternativas, aportar ideas y sumar pluralidad al debate de ideas sobre la ciudad que queremos y merecemos tener&#8221;, afirm\u00f3 Souilh\u00e9.<\/p>\n","protected":false},"excerpt":{"rendered":"<p>En una nota dirigida al jefe de Unidad Regional XIX, director de Polic\u00eda Ariel Monje, el concejal Mario Souilh\u00e9 (PJ) hizo llegar su &#8220;m\u00e1s profunda preocupaci\u00f3n por los reiterados hechos de hurto menor que est\u00e1n ocurriendo en la ciudad&#8221; de Vera. El edil consider\u00f3 &#8220;necesario y oportuno&#8221; sugerir la realizaci\u00f3n de controles y operativos diarios [&hellip;]<\/p>\n","protected":false},"author":3,"featured_media":4554,"comment_status":"closed","ping_status":"closed","sticky":false,"template":"","format":"standard","meta":{"_joinchat":[],"footnotes":""},"categories":[53],"tags":[],"class_list":{"0":"post-50666","1":"post","2":"type-post","3":"status-publish","4":"format-standard","5":"has-post-thumbnail","7":"category-vera"},"_links":{"self":[{"href":"https:\/\/infovera.com.ar\/web\/wp-json\/wp\/v2\/posts\/50666","targetHints":{"allow":["GET"]}}],"collection":[{"href":"https:\/\/infovera.com.ar\/web\/wp-json\/wp\/v2\/posts"}],"about":[{"href":"https:\/\/infovera.com.ar\/web\/wp-json\/wp\/v2\/types\/post"}],"author":[{"embeddable":true,"href":"https:\/\/infovera.com.ar\/web\/wp-json\/wp\/v2\/users\/3"}],"replies":[{"embeddable":true,"href":"https:\/\/infovera.com.ar\/web\/wp-json\/wp\/v2\/comments?post=50666"}],"version-history":[{"count":0,"href":"https:\/\/infovera.com.ar\/web\/wp-json\/wp\/v2\/posts\/50666\/revisions"}],"wp:featuredmedia":[{"embeddable":true,"href":"https:\/\/infovera.com.ar\/web\/wp-json\/wp\/v2\/media\/4554"}],"wp:attachment":[{"href":"https:\/\/infovera.com.ar\/web\/wp-json\/wp\/v2\/media?parent=50666"}],"wp:term":[{"taxonomy":"category","embeddable":true,"href":"https:\/\/infovera.com.ar\/web\/wp-json\/wp\/v2\/categories?post=50666"},{"taxonomy":"post_tag","embeddable":true,"href":"https:\/\/infovera.com.ar\/web\/wp-json\/wp\/v2\/tags?post=50666"}],"curies":[{"name":"wp","href":"https:\/\/api.w.org\/{rel}","templated":true}]}}