{"id":50641,"date":"2024-03-12T15:10:31","date_gmt":"2024-03-12T18:10:31","guid":{"rendered":"https:\/\/infovera.com.ar\/web\/?p=50641"},"modified":"2024-03-13T11:24:47","modified_gmt":"2024-03-13T14:24:47","slug":"aerolineas-cancelo-sus-vuelos-y-es-un-hecho-el-cese-de-la-ruta-aerea-reconquista-bs-as","status":"publish","type":"post","link":"https:\/\/infovera.com.ar\/web\/2024\/03\/12\/aerolineas-cancelo-sus-vuelos-y-es-un-hecho-el-cese-de-la-ruta-aerea-reconquista-bs-as\/","title":{"rendered":"Aerol\u00edneas cancel\u00f3 sus vuelos y es un hecho el cese de la ruta a\u00e9rea Reconquista &#8211; Bs. As."},"content":{"rendered":"<p>Baldazo de agua fr\u00eda para el norte. La medida regir\u00e1 desde el 1 de abril. Fue solicitada por la Gerencia de Planeamiento de la empresa. Opci\u00f3n para reprogramar viajes o pedir la devoluci\u00f3n del dinero.<\/p>\n<p>\u201cDe acuerdo a lo solicitado por la Gerencia de Planeamiento de Redes, Itinerarios y Alianzas, cumplimos en informar la cancelaci\u00f3n de los vuelos operados por Aerol\u00edneas Argentinas hacia el destino Reconquista\u201d, reza el fr\u00edo comunicado colgado en el sitio oficial de la l\u00ednea de bandera que puso en alerta a pasajeros, y tambi\u00e9n a las instituciones encargadas de las gestiones para sostener la conexi\u00f3n a\u00e9rea entre el norte provincial y la capital argentina.<\/p>\n<p>Bajo el t\u00edtulo \u201cPol\u00edtica comercial &#8211; Pasajeros hacia\/desde Reconquista\u201d, la empresa precisa que la resoluci\u00f3n -a todas luces intespestiva- comenzar\u00e1 a regir desde el 1 de abril de 2024, y pone a disposici\u00f3n de los usuarios con pasajes reservados para abril la opci\u00f3n modificar la fecha de viaje entre el 1 y el 31 de marzo.<\/p>\n<p><strong>Reservas canceladas<\/strong><\/p>\n<p>Tambi\u00e9n ofrece la posibilidad de solicitar la devoluci\u00f3n del dinero o la de mantener el boleto para el cuarto mes del a\u00f1o, pero con la salvedad de abordar el servicio en los destinos de Santa Fe, Paran\u00e1, Resistencia o Corrientes.<\/p>\n<p>En tanto, a los viajeros con reservas les lleg\u00f3 este martes el siguiente mensaje: \u201cNos contactamos con usted en relaci\u00f3n a su viaje con origen a destino a Reconquista. Queremos informarle que debido a la supervisi\u00f3n de nuestros vuelos a dicha ciudad, hemos procedido a cancelar su reserva\u201d, para, a continuaci\u00f3n, ofrecer las alternativas mencionadas.<\/p>\n<p>La medida unilateral del AA cae como un baldazo de agua fr\u00eda en la regi\u00f3n norte de bota santafesina que hab\u00eda logrado el a\u00f1o pasado recuperar el puente a\u00e9reo con Buenos Aires, considerado vital para potenciar las actividades comerciales, industriales y tur\u00edsticas.<\/p>\n<p><strong>Factor de desarrollo<\/strong><\/p>\n<p>A mediados de febrero, la mesa regional de referentes pol\u00edticos y empresariales de la regi\u00f3n hab\u00eda enviado una nota a la secretaria provincial de Transporte y Log\u00edstica, Renata Ghilotti, para que tuviera a bien arbitrar las gestiones pertinentes ante la empresa con el fin de \u201cgarantizar\u201d la continuidad del servicio de vuelos en el tramo Reconquista &#8211; Buenos Aires, con escala en Rosario.<\/p>\n<p>En esa misiva, la dirigencia norte\u00f1a expuso la necesidad de sostener la \u00fanica conectividad a\u00e9rea entre el norte de la provincia con el sur, como factor de desarrollo de las actividades productivas, industriales y tur\u00edsticas, mediante un tr\u00e1fico m\u00e1s r\u00e1pido y fluido de personas.<\/p>\n<p>En la propuesta elevada a la funcionaria, el colectivo dedicado a las gestiones por la permanencia de los vuelos afirm\u00f3 que \u201cconectar el interior del pa\u00eds y el norte de nuestra provincia con la capital, permitir\u00e1 garantizar una herramienta esencial para el desarrollo econ\u00f3mico, social y cultural&#8221;.<\/p>\n","protected":false},"excerpt":{"rendered":"<p>Baldazo de agua fr\u00eda para el norte. La medida regir\u00e1 desde el 1 de abril. Fue solicitada por la Gerencia de Planeamiento de la empresa. Opci\u00f3n para reprogramar viajes o pedir la devoluci\u00f3n del dinero. \u201cDe acuerdo a lo solicitado por la Gerencia de Planeamiento de Redes, Itinerarios y Alianzas, cumplimos en informar la cancelaci\u00f3n [&hellip;]<\/p>\n","protected":false},"author":3,"featured_media":50642,"comment_status":"closed","ping_status":"closed","sticky":false,"template":"","format":"standard","meta":{"_joinchat":[],"footnotes":""},"categories":[55,61],"tags":[],"class_list":{"0":"post-50641","1":"post","2":"type-post","3":"status-publish","4":"format-standard","5":"has-post-thumbnail","7":"category-reconquista","8":"category-regionales"},"_links":{"self":[{"href":"https:\/\/infovera.com.ar\/web\/wp-json\/wp\/v2\/posts\/50641","targetHints":{"allow":["GET"]}}],"collection":[{"href":"https:\/\/infovera.com.ar\/web\/wp-json\/wp\/v2\/posts"}],"about":[{"href":"https:\/\/infovera.com.ar\/web\/wp-json\/wp\/v2\/types\/post"}],"author":[{"embeddable":true,"href":"https:\/\/infovera.com.ar\/web\/wp-json\/wp\/v2\/users\/3"}],"replies":[{"embeddable":true,"href":"https:\/\/infovera.com.ar\/web\/wp-json\/wp\/v2\/comments?post=50641"}],"version-history":[{"count":0,"href":"https:\/\/infovera.com.ar\/web\/wp-json\/wp\/v2\/posts\/50641\/revisions"}],"wp:featuredmedia":[{"embeddable":true,"href":"https:\/\/infovera.com.ar\/web\/wp-json\/wp\/v2\/media\/50642"}],"wp:attachment":[{"href":"https:\/\/infovera.com.ar\/web\/wp-json\/wp\/v2\/media?parent=50641"}],"wp:term":[{"taxonomy":"category","embeddable":true,"href":"https:\/\/infovera.com.ar\/web\/wp-json\/wp\/v2\/categories?post=50641"},{"taxonomy":"post_tag","embeddable":true,"href":"https:\/\/infovera.com.ar\/web\/wp-json\/wp\/v2\/tags?post=50641"}],"curies":[{"name":"wp","href":"https:\/\/api.w.org\/{rel}","templated":true}]}}