{"id":50630,"date":"2024-03-12T13:29:38","date_gmt":"2024-03-12T16:29:38","guid":{"rendered":"https:\/\/infovera.com.ar\/web\/?p=50630"},"modified":"2024-03-13T10:40:55","modified_gmt":"2024-03-13T13:40:55","slug":"condenaron-a-un-efectivo-de-los-pumas-por-abusos-gravementes-ultrajantes-en-perjuicio-de-su-hijastra","status":"publish","type":"post","link":"https:\/\/infovera.com.ar\/web\/2024\/03\/12\/condenaron-a-un-efectivo-de-los-pumas-por-abusos-gravementes-ultrajantes-en-perjuicio-de-su-hijastra\/","title":{"rendered":"Condenaron a un efectivo de Los Pumas por abusos gravementes ultrajantes en perjuicio de su hijastra"},"content":{"rendered":"<p>En un procedimiento de juicio abreviado llevado a cabo en los Tribunales de Vera. L. M. S. fue sentenciado a 8 a\u00f1os de prisi\u00f3n por delitos de abuso sexual contra una menor, cometidos entre los a\u00f1os 2012 y 2015 en la ciudad de Vera.<\/p>\n<p>El juez Gustavo Gon lo conden\u00f3 a la pena de 8 a\u00f1os de cumplimiento efectivo por hallarlo penalmente responsable de los delitos de abuso sexual con acceso carnal, abuso sexual gravemente ultrajante, todos agravados por ser cometidos contra una menor de 18 a\u00f1os de edad y aprovech\u00e1ndose de la situaci\u00f3n de convivencia preexistente, en concurso real entre s\u00ed y en calidad de autor.<\/p>\n<p>Adem\u00e1s, el magistrado le aplic\u00f3 la inhabilitaci\u00f3n absoluta para ejercer cargos p\u00fablicos, m\u00e1s las accesorias legales, y orden\u00f3 su inmediata detenci\u00f3n a partir del dictado del fallo, que fue fechado el 22 de febrero pasado, pero que sali\u00f3 a la luz este martes y al que tuvo acceso <strong>InfoVera<\/strong>. Tambi\u00e9n dispuso la extracci\u00f3n de muestras pertinentes para lograr la identificaci\u00f3n gen\u00e9tica del condenado y proceder a su inscripci\u00f3n en el registro respectivo.<\/p>\n<p>El polic\u00eda rural fue sentenciado, tras un acuerdo entre las partes y su aceptaci\u00f3n de la autor\u00eda, de hechos aberrantes de \u00edndole sexual cometidos en perjuicio de su hijastra, menor de edad cometidos en la vivienda donde resid\u00edan en Vera.<\/p>\n<p>Estos hechos ocurrido entre los a\u00f1os 2012 y 2015 &#8220;se llevaron a cabo en un contexto de violencia f\u00edsica a como as\u00ed tambi\u00e9n con amenazas de muerte&#8221;, asever\u00f3 el juez en la condena, que homolog\u00f3 el entendimiento entre el fiscal Leandro Benegas, el abogado defensor del imputado Ariel Williambi y la v\u00edctima, y dio por comprobadas tanto la existencia de los delitos como la autor\u00eda de los mismos.<\/p>\n<p>&#8220;La pena acordada cuenta con la ratificaci\u00f3n de fiscal regional del Rub\u00e9n Mart\u00ednez&#8221;, hizo constar el Dr. Gon, en tanto estableci\u00f3 la no existencia de causales de justificaci\u00f3n, inimputabilidad o inculpabilidad que conduzcan a la absoluci\u00f3n o a una disminuci\u00f3n de la pena propuesta. Pidi\u00f3 tener presente el pedido formulado por la defensa para que el penado sea alojado en la unidad penal del Servicio Penitenciario de Santa Felicia.<\/p>\n","protected":false},"excerpt":{"rendered":"<p>En un procedimiento de juicio abreviado llevado a cabo en los Tribunales de Vera. L. M. S. fue sentenciado a 8 a\u00f1os de prisi\u00f3n por delitos de abuso sexual contra una menor, cometidos entre los a\u00f1os 2012 y 2015 en la ciudad de Vera. El juez Gustavo Gon lo conden\u00f3 a la pena de 8 [&hellip;]<\/p>\n","protected":false},"author":3,"featured_media":50631,"comment_status":"closed","ping_status":"closed","sticky":false,"template":"","format":"standard","meta":{"_joinchat":[],"footnotes":""},"categories":[30,53],"tags":[],"class_list":{"0":"post-50630","1":"post","2":"type-post","3":"status-publish","4":"format-standard","5":"has-post-thumbnail","7":"category-policiales","8":"category-vera"},"_links":{"self":[{"href":"https:\/\/infovera.com.ar\/web\/wp-json\/wp\/v2\/posts\/50630","targetHints":{"allow":["GET"]}}],"collection":[{"href":"https:\/\/infovera.com.ar\/web\/wp-json\/wp\/v2\/posts"}],"about":[{"href":"https:\/\/infovera.com.ar\/web\/wp-json\/wp\/v2\/types\/post"}],"author":[{"embeddable":true,"href":"https:\/\/infovera.com.ar\/web\/wp-json\/wp\/v2\/users\/3"}],"replies":[{"embeddable":true,"href":"https:\/\/infovera.com.ar\/web\/wp-json\/wp\/v2\/comments?post=50630"}],"version-history":[{"count":0,"href":"https:\/\/infovera.com.ar\/web\/wp-json\/wp\/v2\/posts\/50630\/revisions"}],"wp:featuredmedia":[{"embeddable":true,"href":"https:\/\/infovera.com.ar\/web\/wp-json\/wp\/v2\/media\/50631"}],"wp:attachment":[{"href":"https:\/\/infovera.com.ar\/web\/wp-json\/wp\/v2\/media?parent=50630"}],"wp:term":[{"taxonomy":"category","embeddable":true,"href":"https:\/\/infovera.com.ar\/web\/wp-json\/wp\/v2\/categories?post=50630"},{"taxonomy":"post_tag","embeddable":true,"href":"https:\/\/infovera.com.ar\/web\/wp-json\/wp\/v2\/tags?post=50630"}],"curies":[{"name":"wp","href":"https:\/\/api.w.org\/{rel}","templated":true}]}}