{"id":50608,"date":"2024-03-11T18:21:13","date_gmt":"2024-03-11T21:21:13","guid":{"rendered":"https:\/\/infovera.com.ar\/web\/?p=50608"},"modified":"2024-03-11T18:22:31","modified_gmt":"2024-03-11T21:22:31","slug":"lanzaron-un-programa-para-que-los-comercios-de-vera-puedan-regularizar-su-situacion-fiscal-y-legal","status":"publish","type":"post","link":"https:\/\/infovera.com.ar\/web\/2024\/03\/11\/lanzaron-un-programa-para-que-los-comercios-de-vera-puedan-regularizar-su-situacion-fiscal-y-legal\/","title":{"rendered":"Lanzaron un programa para que los comercios de Vera puedan regularizar su situaci\u00f3n fiscal y legal"},"content":{"rendered":"<p>La Municipalidad de Vera, a trav\u00e9s del \u00c1rea de Comercios, est\u00e1 llevando a cabo el programa de regularizaci\u00f3n de locales comerciales de la ciudad con visitas del personal a cargo de recopilar los datos necesarios para conocer y abordar la situaci\u00f3n de cada uno de ellos y establecer las acciones a seguir para que puedan desarrollar su actividad con total normalidad y dentro de los reglamentos.<\/p>\n<p>Al respecto, Paulo Dodorico, Secretario de Hacienda, Finanzas e Ingresos P\u00fablicos del municipio, sotuvo que &#8220;este programa ofrece una oportunidad para que los comerciantes puedan regularizar su situaci\u00f3n fiscal y legal de manera sencilla y transparente. Ya sea que necesiten actualizar su habilitaci\u00f3n comercial, cumplir con los requisitos de seguridad u otros tr\u00e1mites, nuestro equipo est\u00e1 realizando las visitas para ayudarlos en cada paso del proceso.<\/p>\n<p>Es fundamental que cada local y actividad comercial cumplan con las regulaciones municipales, provinciales y nacionales, ya que esto contribuye a la normalizaci\u00f3n de su estructura financiera, permite incorporar mecanismos de ventas m\u00e1s din\u00e1micos, adquirir cr\u00e9ditos y beneficios tributarios, fortalece su emprendimiento, promueve el bienestar propio y de su personal y aporta a mejores servicios para su comunidad\u201d.<\/p>\n","protected":false},"excerpt":{"rendered":"<p>La Municipalidad de Vera, a trav\u00e9s del \u00c1rea de Comercios, est\u00e1 llevando a cabo el programa de regularizaci\u00f3n de locales comerciales de la ciudad con visitas del personal a cargo de recopilar los datos necesarios para conocer y abordar la situaci\u00f3n de cada uno de ellos y establecer las acciones a seguir para que puedan [&hellip;]<\/p>\n","protected":false},"author":3,"featured_media":50609,"comment_status":"closed","ping_status":"closed","sticky":false,"template":"","format":"standard","meta":{"_joinchat":[],"footnotes":""},"categories":[53],"tags":[],"class_list":{"0":"post-50608","1":"post","2":"type-post","3":"status-publish","4":"format-standard","5":"has-post-thumbnail","7":"category-vera"},"_links":{"self":[{"href":"https:\/\/infovera.com.ar\/web\/wp-json\/wp\/v2\/posts\/50608","targetHints":{"allow":["GET"]}}],"collection":[{"href":"https:\/\/infovera.com.ar\/web\/wp-json\/wp\/v2\/posts"}],"about":[{"href":"https:\/\/infovera.com.ar\/web\/wp-json\/wp\/v2\/types\/post"}],"author":[{"embeddable":true,"href":"https:\/\/infovera.com.ar\/web\/wp-json\/wp\/v2\/users\/3"}],"replies":[{"embeddable":true,"href":"https:\/\/infovera.com.ar\/web\/wp-json\/wp\/v2\/comments?post=50608"}],"version-history":[{"count":0,"href":"https:\/\/infovera.com.ar\/web\/wp-json\/wp\/v2\/posts\/50608\/revisions"}],"wp:featuredmedia":[{"embeddable":true,"href":"https:\/\/infovera.com.ar\/web\/wp-json\/wp\/v2\/media\/50609"}],"wp:attachment":[{"href":"https:\/\/infovera.com.ar\/web\/wp-json\/wp\/v2\/media?parent=50608"}],"wp:term":[{"taxonomy":"category","embeddable":true,"href":"https:\/\/infovera.com.ar\/web\/wp-json\/wp\/v2\/categories?post=50608"},{"taxonomy":"post_tag","embeddable":true,"href":"https:\/\/infovera.com.ar\/web\/wp-json\/wp\/v2\/tags?post=50608"}],"curies":[{"name":"wp","href":"https:\/\/api.w.org\/{rel}","templated":true}]}}