{"id":50604,"date":"2024-03-11T14:10:01","date_gmt":"2024-03-11T17:10:01","guid":{"rendered":"https:\/\/infovera.com.ar\/web\/?p=50604"},"modified":"2024-03-11T14:10:01","modified_gmt":"2024-03-11T17:10:01","slug":"pullaro-hay-una-determinacion-inquebrantable-de-terminar-con-las-mafias-en-la-provincia-de-santa-fe","status":"publish","type":"post","link":"https:\/\/infovera.com.ar\/web\/2024\/03\/11\/pullaro-hay-una-determinacion-inquebrantable-de-terminar-con-las-mafias-en-la-provincia-de-santa-fe\/","title":{"rendered":"Pullaro: \u201cHay una determinaci\u00f3n inquebrantable de terminar con las mafias en la provincia de Santa Fe\u201d"},"content":{"rendered":"<p>Ante los hechos de violencia ocurridos en Rosario, el gobernador destac\u00f3 que trabajar\u00e1 fuertemente \u201cpara recuperar la paz y la normalidad\u201d. Lo dijo en el anuncio del trabajo conjunto con Naci\u00f3n, junto a los ministros Bullrich y Petri, y el intendente Javkin.<\/p>\n<p>&nbsp;<\/p>\n<p>El gobernador Maximiliano Pullaro y los ministros nacionales de Seguridad, Patricia Bullrich y de Defensa, Luis Petri, brindaron una conferencia de prensa en la sede del gobierno de la provincia en Rosario, para brindar detalles acerca de las medidas de seguridad que se tomar\u00e1n para hacer frente a los hechos de violencia que est\u00e1 viviendo la ciudad. Estuvieron acompa\u00f1ados de la vicegobernadora, Gisela Scaglia; el ministro de Justicia y Seguridad provincial, Pablo Cococcioni y la fiscal general del Ministerio P\u00fablico de la Acusaci\u00f3n. Mar\u00eda Cecilia Vranicich.<\/p>\n<p>En la oportunidad, el gobernador, dirigi\u00e9ndose a \u201cquienes terminaron con la vida de inocentes\u201d, manifest\u00f3 que \u201cvamos a dar con cada uno de ellos, y el Gobierno provincial va a poner todos los recursos para dar con los autores materiales e intelectuales. Pondremos todos los esfuerzos para que no nos ganen, para que no quiebren la decisi\u00f3n, la determinaci\u00f3n del Estado, de la provincia de Santa Fe y del Estado Nacional. Vamos a trabajar fuertemente para recuperar la paz y la normalidad. Sepan que hay una decisi\u00f3n y una determinaci\u00f3n inquebrantable de terminar con las mafias en la provincia de Santa Fe\u201d, remarc\u00f3.<\/p>\n<p>Pullaro se solidariz\u00f3 \u201ccon los familiares que, por estos ataques cobardes, perdieron personas, rosarinos, que estaban trabajando para llevar el alimento a su familia\u201d. Y tambi\u00e9n \u201cla solidaridad con el primer hecho, que fue el d\u00eda s\u00e1bado por la ma\u00f1ana cuando fue atacado el colectivo que transportaba agentes del servicio penitenciario\u201d, agreg\u00f3.<br \/>\nSobre el final de su discurso, el gobernador manifest\u00f3: \u201cVemos en estos cinco cobardes hechos que quieren hacernos tener miedo a nosotros, al Gobierno, pero fundamentalmente a la sociedad\u201d.<\/p>\n<p>&nbsp;<\/p>\n<p>Ley antimafia y operativos de saturaci\u00f3n<\/p>\n<p>La ministra de Seguridad de la Naci\u00f3n, Patricia Bullrich, inform\u00f3 que le solicitar\u00e1 a la justicia \u201cla utilizaci\u00f3n de la Ley Antiterrorista\u201d que contempla que \u201ctoda acci\u00f3n que tenga por objeto amedrentar a la poblaci\u00f3n y sembrar el terror tiene doble pena\u201d. Tambi\u00e9n dijo que el Ejecutivo Nacional enviar\u00e1 \u201cal Congreso de la Naci\u00f3n la Ley Antimafia, que tipifica una nueva modalidad de persecuci\u00f3n penal sobre el crimen organizado, tomando los cr\u00edmenes de estas bandas y adjudic\u00e1ndoselos a todos sus integrantes, como hizo el C\u00f3digo Penal Antimafia de Italia, que termin\u00f3 con las mafias italianas, o la Ley Rico de Estados Unidos y luego Bukele contra las Maras, donde cada integrante de una organizaci\u00f3n lleva la pena de la organizaci\u00f3n por el hecho de participar\u201d.<\/p>\n<p>Anunci\u00f3 que se \u201cenviar\u00e1n efectivos de las Fuerzas Federales, que estar\u00e1n llegando los primeros hoy en la noche, para generar saturaci\u00f3n en zonas de alto riesgo en la ciudad\u201d, con especial \u00e9nfasis \u201cen los horarios cr\u00edticos, de las 5 de la tarde a las 7 de la ma\u00f1ana siguiente, para proteger tambi\u00e9n la noche\u201d.<\/p>\n<p>\u201cNo vamos a dejar que Rosario sea tierra de narcoterroristas. Vamos a luchar todos los d\u00edas, con todas las fuerzas, para que esto no suceda. Acomp\u00e1\u00f1ennos. Les pedimos que entiendan que estamos en un momento dif\u00edcil, pero vamos a proteger la vida de todos los ciudadanos con todas las fuerzas que tenemos\u201d, concluy\u00f3.<\/p>\n<p>&nbsp;<\/p>\n<p>Ley de Seguridad Interior<\/p>\n<p>Por otro lado, el ministro de Defensa, Luis Petri, marc\u00f3 que a partir de la convocatoria del comit\u00e9 de crisis el Ministerio de Defensa, las Fuerzas Armadas, en uso de las atribuciones que establece la Ley de Seguridad Interior, van a realizar tareas en apoyo a operaciones de seguridad interior\u201d, y agreg\u00f3: \u201cEn las pr\u00f3ximas 24 horas, van a estar llegando no solamente el personal de las fuerzas armadas, sino tambi\u00e9n veh\u00edculos, transporte, ingenieros, log\u00edstica, comunicaciones para auxiliar y cooperar tanto con las fuerzas de seguridad nacionales como las provinciales\u201d.<\/p>\n<p>&nbsp;<\/p>\n<p>Luego remarc\u00f3: \u201cEstamos convencidos que le vamos a ganar al narcotr\u00e1fico, pero para ello es imprescindible que trabajemos mancomunada, coordinada y articuladamente y con toda la potencia del Estado. Hay que hacerles la vida imposible a los que deciden cometer delitos para devolverle la tranquilidad y la paz a los ciudadanos de bien\u201d.<\/p>\n<p>&nbsp;<\/p>\n<p>Finalmente, el intendente Pablo Javkin, resalt\u00f3: \u201cHan buscado generar un clima de terror que altere la normalidad de la ciudad y, fundamentalmente, que desaf\u00eda el poder del Estado y la vida de los ciudadanos. Esto requiere una respuesta efectiva. Todo el peso del Estado, en todos sus niveles y en todos sus poderes, con toda la fuerza legal que tienen los niveles del estado en todas las facetas: operativas, investigativas, de inteligencia criminal, control penitenciario, puestas a recuperar la paz y la normalidad de la ciudad\u201d.<\/p>\n","protected":false},"excerpt":{"rendered":"<p>Ante los hechos de violencia ocurridos en Rosario, el gobernador destac\u00f3 que trabajar\u00e1 fuertemente \u201cpara recuperar la paz y la normalidad\u201d. Lo dijo en el anuncio del trabajo conjunto con Naci\u00f3n, junto a los ministros Bullrich y Petri, y el intendente Javkin. &nbsp; El gobernador Maximiliano Pullaro y los ministros nacionales de Seguridad, Patricia Bullrich [&hellip;]<\/p>\n","protected":false},"author":3,"featured_media":50605,"comment_status":"closed","ping_status":"closed","sticky":false,"template":"","format":"standard","meta":{"_joinchat":[],"footnotes":""},"categories":[60],"tags":[],"class_list":{"0":"post-50604","1":"post","2":"type-post","3":"status-publish","4":"format-standard","5":"has-post-thumbnail","7":"category-provinciales"},"_links":{"self":[{"href":"https:\/\/infovera.com.ar\/web\/wp-json\/wp\/v2\/posts\/50604","targetHints":{"allow":["GET"]}}],"collection":[{"href":"https:\/\/infovera.com.ar\/web\/wp-json\/wp\/v2\/posts"}],"about":[{"href":"https:\/\/infovera.com.ar\/web\/wp-json\/wp\/v2\/types\/post"}],"author":[{"embeddable":true,"href":"https:\/\/infovera.com.ar\/web\/wp-json\/wp\/v2\/users\/3"}],"replies":[{"embeddable":true,"href":"https:\/\/infovera.com.ar\/web\/wp-json\/wp\/v2\/comments?post=50604"}],"version-history":[{"count":0,"href":"https:\/\/infovera.com.ar\/web\/wp-json\/wp\/v2\/posts\/50604\/revisions"}],"wp:featuredmedia":[{"embeddable":true,"href":"https:\/\/infovera.com.ar\/web\/wp-json\/wp\/v2\/media\/50605"}],"wp:attachment":[{"href":"https:\/\/infovera.com.ar\/web\/wp-json\/wp\/v2\/media?parent=50604"}],"wp:term":[{"taxonomy":"category","embeddable":true,"href":"https:\/\/infovera.com.ar\/web\/wp-json\/wp\/v2\/categories?post=50604"},{"taxonomy":"post_tag","embeddable":true,"href":"https:\/\/infovera.com.ar\/web\/wp-json\/wp\/v2\/tags?post=50604"}],"curies":[{"name":"wp","href":"https:\/\/api.w.org\/{rel}","templated":true}]}}