{"id":50597,"date":"2024-03-11T13:52:40","date_gmt":"2024-03-11T16:52:40","guid":{"rendered":"https:\/\/infovera.com.ar\/web\/?p=50597"},"modified":"2024-03-13T17:07:54","modified_gmt":"2024-03-13T20:07:54","slug":"reunion-urgente-de-sosa-y-mitre-con-la-policia-por-la-crisis-de-seguridad-en-rosario","status":"publish","type":"post","link":"https:\/\/infovera.com.ar\/web\/2024\/03\/11\/reunion-urgente-de-sosa-y-mitre-con-la-policia-por-la-crisis-de-seguridad-en-rosario\/","title":{"rendered":"Reuni\u00f3n urgente de Sosa y Mitre con la Polic\u00eda por la seguridad en Vera"},"content":{"rendered":"<p>Esta ma\u00f1ana, el senador Osvaldo Sosa y la intendente Paula Mitre se reunieron con el jefe policial departamental, Director de Polic\u00eda Ariel Omar Monje.<\/p>\n<p>A pesar del hermetismo con se manej\u00f3 el encuentro, <strong>InfoVera<\/strong> pudo saber que el c\u00f3nclave se realiz\u00f3 esta ma\u00f1ana bajo estricto secreto<\/p>\n<p>El tema convocante fue la crisis de seguridad que afecta a Rosario, ciudad asediada por la violencia narco.<\/p>\n<p>La preocupaci\u00f3n existente tiene que ver con la latente posibilidad de que a causa de los operativos de intensa saturaci\u00f3n que fueron anunciados hoy por la ministra de Seguridad, Patricia Bullrich, y el gobernador Maximiliano Pullaro, para intentar poner coto a la crisis, las bandas delictivas migren hacia el interior provincial y puedan pretender hacer pie en el norte provincial.<\/p>\n<p>La idea de las autoridades pol\u00edticas es prepaparse para ese eventual escenario, que preocupa.<\/p>\n<p>Tambi\u00e9n estuvo presente la inquietud respecto a que, a ra\u00edz de lo que sucede en la ciudad del sur provincial, pueda verse afectada la cantidad de polic\u00edas que prestan servicio en el departamento Vera.<\/p>\n<p>Otra de las aristas a resolver es la cantidad de m\u00f3viles policiales necesarios para brindar seguridad en los pueblos y ciudades verenses. Hoy por hoy, hay unidades que necesitan ser reparadas para volver a las calles, pero los fondos no alcanzan.<\/p>\n","protected":false},"excerpt":{"rendered":"<p>Esta ma\u00f1ana, el senador Osvaldo Sosa y la intendente Paula Mitre se reunieron con el jefe policial departamental, Director de Polic\u00eda Ariel Omar Monje. A pesar del hermetismo con se manej\u00f3 el encuentro, InfoVera pudo saber que el c\u00f3nclave se realiz\u00f3 esta ma\u00f1ana bajo estricto secreto El tema convocante fue la crisis de seguridad que [&hellip;]<\/p>\n","protected":false},"author":3,"featured_media":50598,"comment_status":"closed","ping_status":"closed","sticky":false,"template":"","format":"standard","meta":{"_joinchat":[],"footnotes":""},"categories":[1],"tags":[],"class_list":{"0":"post-50597","1":"post","2":"type-post","3":"status-publish","4":"format-standard","5":"has-post-thumbnail","7":"category-sin-categoria"},"_links":{"self":[{"href":"https:\/\/infovera.com.ar\/web\/wp-json\/wp\/v2\/posts\/50597","targetHints":{"allow":["GET"]}}],"collection":[{"href":"https:\/\/infovera.com.ar\/web\/wp-json\/wp\/v2\/posts"}],"about":[{"href":"https:\/\/infovera.com.ar\/web\/wp-json\/wp\/v2\/types\/post"}],"author":[{"embeddable":true,"href":"https:\/\/infovera.com.ar\/web\/wp-json\/wp\/v2\/users\/3"}],"replies":[{"embeddable":true,"href":"https:\/\/infovera.com.ar\/web\/wp-json\/wp\/v2\/comments?post=50597"}],"version-history":[{"count":0,"href":"https:\/\/infovera.com.ar\/web\/wp-json\/wp\/v2\/posts\/50597\/revisions"}],"wp:featuredmedia":[{"embeddable":true,"href":"https:\/\/infovera.com.ar\/web\/wp-json\/wp\/v2\/media\/50598"}],"wp:attachment":[{"href":"https:\/\/infovera.com.ar\/web\/wp-json\/wp\/v2\/media?parent=50597"}],"wp:term":[{"taxonomy":"category","embeddable":true,"href":"https:\/\/infovera.com.ar\/web\/wp-json\/wp\/v2\/categories?post=50597"},{"taxonomy":"post_tag","embeddable":true,"href":"https:\/\/infovera.com.ar\/web\/wp-json\/wp\/v2\/tags?post=50597"}],"curies":[{"name":"wp","href":"https:\/\/api.w.org\/{rel}","templated":true}]}}