{"id":50594,"date":"2024-03-11T12:37:13","date_gmt":"2024-03-11T15:37:13","guid":{"rendered":"https:\/\/infovera.com.ar\/web\/?p=50594"},"modified":"2024-03-12T09:47:13","modified_gmt":"2024-03-12T12:47:13","slug":"villa-ocampo-robaron-en-una-parroquia-y-profanaron-el-sagrario-con-hostias-consagradas","status":"publish","type":"post","link":"https:\/\/infovera.com.ar\/web\/2024\/03\/11\/villa-ocampo-robaron-en-una-parroquia-y-profanaron-el-sagrario-con-hostias-consagradas\/","title":{"rendered":"Villa Ocampo: robaron en una parroquia y profanaron el sagrario con hostias consagradas"},"content":{"rendered":"<p>El cura p\u00e1rroco Rolando Gonz\u00e1lez radic\u00f3 la denuncia correspondiente. Consider\u00f3 al hecho como un &#8220;sacrilegio real&#8221;.<\/p>\n<p>Con profundo pesar, el titular de la Parroquia Inmaculada Concepci\u00f3n&#8221; de Villa Ocampo dio conocer a la comunidad y a la parroquia en general que en la madrugada del domingo 10 de marzo \u201cha ocurrido un hecho lamentable que nos entristece, habi\u00e9ndose radicado la pertinente denuncia ante autoridad policial\u201d.<\/p>\n<p>En un comunicado publicado en redes sociales, el presb\u00edtero Rolando Gonz\u00e1lez precis\u00f3 que en horas de la madrugada individuos a\u00fan no identificados ingresaron a la capilla \u201cSan Ram\u00f3n Nonato\u201d forzando la reja del ventiluz del ba\u00f1o.<\/p>\n<p>\u201cUna vez en el interior abrieron una puerta lateral, se llevaron objetos de la capilla y violentaron el sagrario donde se reservan las hostias consagradas, ocasionando as\u00ed un acto sacr\u00edlego contra un templo consagrado y la Eucarist\u00eda que profanaron, convirtiendo el hecho vand\u00e1lico en un sacrilegio real\u201d, lament\u00f3 el religioso.<\/p>\n<p>Luego indic\u00f3 que \u201ccomo p\u00e1rroco me hice presente en el lugar y he constatado la irreverencia deliberada y notable hacia la Santa Eucarist\u00eda\u201d, para enseguida enumerar los elementos sustra\u00eddos: 23 sillas de madera plegables, una m\u00e1quina de cortar c\u00e9sped el\u00e9ctrica, un rollo de alambre de p\u00faa de 500 metros, varios focos que serv\u00edan para el recambio de los que se quemaran, destrucci\u00f3n del sagrario arranc\u00e1ndolo de la pared y rompiendo la parte posterior para sacar copones, caliz, patena y hostias consagradas.<\/p>\n<p>\u201cTodo ello qued\u00f3 en el piso sin que se llevaran los vasos sagrados mencionados. No es posible saber si adem\u00e1s se han llevado alguna de las hostias consagradas del cop\u00f3n\u201d, describi\u00f3 el cura ocampense. Se\u00f1al\u00f3, en ese sentido, que \u201cesto, adem\u00e1s de ser un acto delictivo, configura un serio acto de sacrilegio contra Jes\u00fas sacramentado y el templo consagrado a San Ram\u00f3n Nonato\u201d.<\/p>\n<p>Ante el grave suceso ocurrido durante la jornada del domingo, pidi\u00f3 a la comunidad \u201cunirnos en oraci\u00f3n para pedir a nuestro Rey y Se\u00f1or que nos ayude a vivir en paz y armon\u00eda en un tiempo de profunda confusi\u00f3n social. Recemos por nuestro pa\u00eds, por nuestra ciudad, por la paz social que arreglamos. Pido adem\u00e1s no comprar estas cosas robadas y si es posible aportar alg\u00fan dato sobre los delincuentes\u201d.<\/p>\n<p>En el final, dijo que se ha cursado la comunicaci\u00f3n del hecho al obispo diocesano y oportunamente se comunicar\u00e1 el d\u00eda y la hora en que se realizar\u00e1 el acto de desagravio contra la Eucarist\u00eda y la modalidad del mismo.<\/p>\n","protected":false},"excerpt":{"rendered":"<p>El cura p\u00e1rroco Rolando Gonz\u00e1lez radic\u00f3 la denuncia correspondiente. Consider\u00f3 al hecho como un &#8220;sacrilegio real&#8221;. Con profundo pesar, el titular de la Parroquia Inmaculada Concepci\u00f3n&#8221; de Villa Ocampo dio conocer a la comunidad y a la parroquia en general que en la madrugada del domingo 10 de marzo \u201cha ocurrido un hecho lamentable que [&hellip;]<\/p>\n","protected":false},"author":3,"featured_media":50595,"comment_status":"closed","ping_status":"closed","sticky":false,"template":"","format":"standard","meta":{"_joinchat":[],"footnotes":""},"categories":[30,61],"tags":[],"class_list":{"0":"post-50594","1":"post","2":"type-post","3":"status-publish","4":"format-standard","5":"has-post-thumbnail","7":"category-policiales","8":"category-regionales"},"_links":{"self":[{"href":"https:\/\/infovera.com.ar\/web\/wp-json\/wp\/v2\/posts\/50594","targetHints":{"allow":["GET"]}}],"collection":[{"href":"https:\/\/infovera.com.ar\/web\/wp-json\/wp\/v2\/posts"}],"about":[{"href":"https:\/\/infovera.com.ar\/web\/wp-json\/wp\/v2\/types\/post"}],"author":[{"embeddable":true,"href":"https:\/\/infovera.com.ar\/web\/wp-json\/wp\/v2\/users\/3"}],"replies":[{"embeddable":true,"href":"https:\/\/infovera.com.ar\/web\/wp-json\/wp\/v2\/comments?post=50594"}],"version-history":[{"count":0,"href":"https:\/\/infovera.com.ar\/web\/wp-json\/wp\/v2\/posts\/50594\/revisions"}],"wp:featuredmedia":[{"embeddable":true,"href":"https:\/\/infovera.com.ar\/web\/wp-json\/wp\/v2\/media\/50595"}],"wp:attachment":[{"href":"https:\/\/infovera.com.ar\/web\/wp-json\/wp\/v2\/media?parent=50594"}],"wp:term":[{"taxonomy":"category","embeddable":true,"href":"https:\/\/infovera.com.ar\/web\/wp-json\/wp\/v2\/categories?post=50594"},{"taxonomy":"post_tag","embeddable":true,"href":"https:\/\/infovera.com.ar\/web\/wp-json\/wp\/v2\/tags?post=50594"}],"curies":[{"name":"wp","href":"https:\/\/api.w.org\/{rel}","templated":true}]}}