{"id":50571,"date":"2024-03-10T18:58:49","date_gmt":"2024-03-10T21:58:49","guid":{"rendered":"https:\/\/infovera.com.ar\/web\/?p=50571"},"modified":"2024-03-11T13:57:01","modified_gmt":"2024-03-11T16:57:01","slug":"quiso-esquivar-un-control-policial-y-termino-con-su-camioneta-sobre-la-baranda-de-un-puente","status":"publish","type":"post","link":"https:\/\/infovera.com.ar\/web\/2024\/03\/10\/quiso-esquivar-un-control-policial-y-termino-con-su-camioneta-sobre-la-baranda-de-un-puente\/","title":{"rendered":"Quiso esquivar un control policial y termin\u00f3 con su camioneta sobre la baranda de un puente"},"content":{"rendered":"<p>En Avellaneda, un joven de 22 a\u00f1os protagoniz\u00f3 un ins\u00f3lito incidente en el viaducto que conecta al \u00e1rea metropolitana.<\/p>\n<p>Manuel S., de 22 a\u00f1os, transitaba por el camino \u201cH\u00e9roes de Malvinas\u201d con sentido sur-norte conduciendo una camioneta Ford Ranger.<\/p>\n<p>Cabe mencionar que el conductor iba acompa\u00f1ado por dos mujeres.<\/p>\n<p>Personas consultadas por este medio aseguran que el conductor antes de llegar a intersecci\u00f3n con calle 21 donde hab\u00eda un control vehicular realiz\u00f3 una brusca maniobra.<\/p>\n<p>Narraron que quien conduc\u00eda el veh\u00edculo fren\u00f3 y aceler\u00f3 marcha atr\u00e1s para eludir el control policial y termin\u00f3 sobre la baranda del ex puente ferroviario que est\u00e1 ubicado sobre el Arroyo &#8220;El Rey&#8221;.<\/p>\n<p>Como consecuencia del accidente los tres ocupantes resultaron ilesos. La camioneta qued\u00f3 colgada sobre el puente.<\/p>\n<p>&nbsp;<\/p>\n","protected":false},"excerpt":{"rendered":"<p>En Avellaneda, un joven de 22 a\u00f1os protagoniz\u00f3 un ins\u00f3lito incidente en el viaducto que conecta al \u00e1rea metropolitana. Manuel S., de 22 a\u00f1os, transitaba por el camino \u201cH\u00e9roes de Malvinas\u201d con sentido sur-norte conduciendo una camioneta Ford Ranger. Cabe mencionar que el conductor iba acompa\u00f1ado por dos mujeres. Personas consultadas por este medio aseguran [&hellip;]<\/p>\n","protected":false},"author":3,"featured_media":50573,"comment_status":"closed","ping_status":"closed","sticky":false,"template":"","format":"standard","meta":{"_joinchat":[],"footnotes":""},"categories":[30,55,61],"tags":[],"class_list":{"0":"post-50571","1":"post","2":"type-post","3":"status-publish","4":"format-standard","5":"has-post-thumbnail","7":"category-policiales","8":"category-reconquista","9":"category-regionales"},"_links":{"self":[{"href":"https:\/\/infovera.com.ar\/web\/wp-json\/wp\/v2\/posts\/50571","targetHints":{"allow":["GET"]}}],"collection":[{"href":"https:\/\/infovera.com.ar\/web\/wp-json\/wp\/v2\/posts"}],"about":[{"href":"https:\/\/infovera.com.ar\/web\/wp-json\/wp\/v2\/types\/post"}],"author":[{"embeddable":true,"href":"https:\/\/infovera.com.ar\/web\/wp-json\/wp\/v2\/users\/3"}],"replies":[{"embeddable":true,"href":"https:\/\/infovera.com.ar\/web\/wp-json\/wp\/v2\/comments?post=50571"}],"version-history":[{"count":0,"href":"https:\/\/infovera.com.ar\/web\/wp-json\/wp\/v2\/posts\/50571\/revisions"}],"wp:featuredmedia":[{"embeddable":true,"href":"https:\/\/infovera.com.ar\/web\/wp-json\/wp\/v2\/media\/50573"}],"wp:attachment":[{"href":"https:\/\/infovera.com.ar\/web\/wp-json\/wp\/v2\/media?parent=50571"}],"wp:term":[{"taxonomy":"category","embeddable":true,"href":"https:\/\/infovera.com.ar\/web\/wp-json\/wp\/v2\/categories?post=50571"},{"taxonomy":"post_tag","embeddable":true,"href":"https:\/\/infovera.com.ar\/web\/wp-json\/wp\/v2\/tags?post=50571"}],"curies":[{"name":"wp","href":"https:\/\/api.w.org\/{rel}","templated":true}]}}