{"id":50539,"date":"2024-03-09T10:04:52","date_gmt":"2024-03-09T13:04:52","guid":{"rendered":"https:\/\/infovera.com.ar\/web\/?p=50539"},"modified":"2024-03-10T18:04:39","modified_gmt":"2024-03-10T21:04:39","slug":"satisfacion-de-sosa-por-el-anuncio-de-rafael-gutierrez-de-implementar-la-morgue-judicial-en-vera","status":"publish","type":"post","link":"https:\/\/infovera.com.ar\/web\/2024\/03\/09\/satisfacion-de-sosa-por-el-anuncio-de-rafael-gutierrez-de-implementar-la-morgue-judicial-en-vera\/","title":{"rendered":"Satisfaci\u00f3n de Sosa por el anuncio de Rafael Guti\u00e9rrez de implementar la Morgue Judicial en Vera"},"content":{"rendered":"<p>E\ufe0fl senador Osvaldo Sosa acompa\u00f1\u00f3 al flamante presidente de la Corte Suprema de Santa Fe, Rafael Guti\u00e9rrez, en el inicio del a\u00f1o judicial.<\/p>\n<p>El legislador verenses celebr\u00f3 la decisi\u00f3n de implementar la Morgue Judicial en la ciudad de Vera, ciudad donde se inici\u00f3 el Dr Guti\u00e9rrez, hoy presidente de la Corte.<\/p>\n<p>El ministro del m\u00e1ximo tribunal judicial de la provincia dijo enn su mensaje de apertura que &#8220;en una ciudad muy cara a mis afectos, como es Vera, donde inici\u00e9 mi carrera judicial, se est\u00e1 por concluir en el mes de mayo la nueva Morgue Judicial&#8221;.<\/p>\n<p>El titular de la Corte subray\u00f3 lo detalles edilicios de la obra y su equipamiento, y remarc\u00f3 a a partir de su puesta en funcionamiento Vera dejar\u00e1 de depender de Reconquista para la realizaci\u00f3n de autopsias.<\/p>\n<p>El logro es fruto de gestiones del senador Osvaldo Sosa y del apoyo de la Corte.<\/p>\n<p><iframe loading=\"lazy\" title=\"Satisfaci\u00f3n de Sosa por el anuncio de Rafael Guti\u00e9rrez de implementar la Morgue Judicial en Vera\" width=\"696\" height=\"392\" src=\"https:\/\/www.youtube.com\/embed\/kFRZATYE42k?feature=oembed\" frameborder=\"0\" allow=\"accelerometer; autoplay; clipboard-write; encrypted-media; gyroscope; picture-in-picture; web-share\" referrerpolicy=\"strict-origin-when-cross-origin\" allowfullscreen><\/iframe><\/p>\n","protected":false},"excerpt":{"rendered":"<p>E\ufe0fl senador Osvaldo Sosa acompa\u00f1\u00f3 al flamante presidente de la Corte Suprema de Santa Fe, Rafael Guti\u00e9rrez, en el inicio del a\u00f1o judicial. El legislador verenses celebr\u00f3 la decisi\u00f3n de implementar la Morgue Judicial en la ciudad de Vera, ciudad donde se inici\u00f3 el Dr Guti\u00e9rrez, hoy presidente de la Corte. El ministro del m\u00e1ximo [&hellip;]<\/p>\n","protected":false},"author":3,"featured_media":50540,"comment_status":"closed","ping_status":"closed","sticky":false,"template":"","format":"standard","meta":{"_joinchat":[],"footnotes":""},"categories":[53],"tags":[],"class_list":{"0":"post-50539","1":"post","2":"type-post","3":"status-publish","4":"format-standard","5":"has-post-thumbnail","7":"category-vera"},"_links":{"self":[{"href":"https:\/\/infovera.com.ar\/web\/wp-json\/wp\/v2\/posts\/50539","targetHints":{"allow":["GET"]}}],"collection":[{"href":"https:\/\/infovera.com.ar\/web\/wp-json\/wp\/v2\/posts"}],"about":[{"href":"https:\/\/infovera.com.ar\/web\/wp-json\/wp\/v2\/types\/post"}],"author":[{"embeddable":true,"href":"https:\/\/infovera.com.ar\/web\/wp-json\/wp\/v2\/users\/3"}],"replies":[{"embeddable":true,"href":"https:\/\/infovera.com.ar\/web\/wp-json\/wp\/v2\/comments?post=50539"}],"version-history":[{"count":0,"href":"https:\/\/infovera.com.ar\/web\/wp-json\/wp\/v2\/posts\/50539\/revisions"}],"wp:featuredmedia":[{"embeddable":true,"href":"https:\/\/infovera.com.ar\/web\/wp-json\/wp\/v2\/media\/50540"}],"wp:attachment":[{"href":"https:\/\/infovera.com.ar\/web\/wp-json\/wp\/v2\/media?parent=50539"}],"wp:term":[{"taxonomy":"category","embeddable":true,"href":"https:\/\/infovera.com.ar\/web\/wp-json\/wp\/v2\/categories?post=50539"},{"taxonomy":"post_tag","embeddable":true,"href":"https:\/\/infovera.com.ar\/web\/wp-json\/wp\/v2\/tags?post=50539"}],"curies":[{"name":"wp","href":"https:\/\/api.w.org\/{rel}","templated":true}]}}