{"id":50506,"date":"2024-03-07T13:52:12","date_gmt":"2024-03-07T16:52:12","guid":{"rendered":"https:\/\/infovera.com.ar\/web\/?p=50506"},"modified":"2024-03-07T20:54:56","modified_gmt":"2024-03-07T23:54:56","slug":"gestiones-de-nicola-en-la-capital-provincial","status":"publish","type":"post","link":"https:\/\/infovera.com.ar\/web\/2024\/03\/07\/gestiones-de-nicola-en-la-capital-provincial\/","title":{"rendered":"Gestiones de Nicola en la capital provincial"},"content":{"rendered":"<p>El presidente comunal de La Gallareta se reuni\u00f3 con el administrador provincial de Vialidad Provincial, Ing. Pablo Seghezzo.<\/p>\n<p>&#8220;Fue una reuni\u00f3n muy productiva en la cual le he solicitado la posiblidad de culminar el tramo faltante de la repavimentaci\u00f3n de la ruta 83s. El Sr. Seghezzo manifest\u00f3 que tiene demasiado presente esa ruta, el cual es cierto que est\u00e1 en mal estado y que en el relevamiento que hizo de toda la provincia de Santa Fe se encuentra nuestra ruta, por eso, en los pr\u00f3ximos meses se va a ir viendo en que fecha podria continuar esa obra&#8221;, inform\u00f3 Nicola.<\/p>\n<p>Por otro lado, mantuvo un encuentro en Casa de Gobierno con el ministro de Gobierno e Innovaci\u00f3n P\u00fablica, Fabi\u00e1n Bast\u00eda. &#8220;Tuvimos la posibilidad de charlar y trabajar de manera articulada con nuestra localidad sobre todos los proyectos que tenemos presentados en nuestra gesti\u00f3n y que a\u00f1os anteriores en el gobierno de Omar Perotti fueron archivados. Nuestro trabajo es seguir insistiendo y poder reactivar nuevamente dichos proyectos. Tambi\u00e9n poniendolo en conocimiento de todos los proyectos que venimos presentando en los programas del actual gobierno. Agradezco el recibimiento y la predisposici\u00f3n hacia mi persona&#8221;, remarc\u00f3..<\/p>\n","protected":false},"excerpt":{"rendered":"<p>El presidente comunal de La Gallareta se reuni\u00f3 con el administrador provincial de Vialidad Provincial, Ing. Pablo Seghezzo. &#8220;Fue una reuni\u00f3n muy productiva en la cual le he solicitado la posiblidad de culminar el tramo faltante de la repavimentaci\u00f3n de la ruta 83s. El Sr. Seghezzo manifest\u00f3 que tiene demasiado presente esa ruta, el cual [&hellip;]<\/p>\n","protected":false},"author":3,"featured_media":50511,"comment_status":"closed","ping_status":"closed","sticky":false,"template":"","format":"standard","meta":{"_joinchat":[],"footnotes":""},"categories":[51],"tags":[],"class_list":{"0":"post-50506","1":"post","2":"type-post","3":"status-publish","4":"format-standard","5":"has-post-thumbnail","7":"category-locales"},"_links":{"self":[{"href":"https:\/\/infovera.com.ar\/web\/wp-json\/wp\/v2\/posts\/50506","targetHints":{"allow":["GET"]}}],"collection":[{"href":"https:\/\/infovera.com.ar\/web\/wp-json\/wp\/v2\/posts"}],"about":[{"href":"https:\/\/infovera.com.ar\/web\/wp-json\/wp\/v2\/types\/post"}],"author":[{"embeddable":true,"href":"https:\/\/infovera.com.ar\/web\/wp-json\/wp\/v2\/users\/3"}],"replies":[{"embeddable":true,"href":"https:\/\/infovera.com.ar\/web\/wp-json\/wp\/v2\/comments?post=50506"}],"version-history":[{"count":0,"href":"https:\/\/infovera.com.ar\/web\/wp-json\/wp\/v2\/posts\/50506\/revisions"}],"wp:featuredmedia":[{"embeddable":true,"href":"https:\/\/infovera.com.ar\/web\/wp-json\/wp\/v2\/media\/50511"}],"wp:attachment":[{"href":"https:\/\/infovera.com.ar\/web\/wp-json\/wp\/v2\/media?parent=50506"}],"wp:term":[{"taxonomy":"category","embeddable":true,"href":"https:\/\/infovera.com.ar\/web\/wp-json\/wp\/v2\/categories?post=50506"},{"taxonomy":"post_tag","embeddable":true,"href":"https:\/\/infovera.com.ar\/web\/wp-json\/wp\/v2\/tags?post=50506"}],"curies":[{"name":"wp","href":"https:\/\/api.w.org\/{rel}","templated":true}]}}