{"id":50460,"date":"2024-03-06T10:40:03","date_gmt":"2024-03-06T13:40:03","guid":{"rendered":"https:\/\/infovera.com.ar\/web\/?p=50460"},"modified":"2024-03-06T14:55:52","modified_gmt":"2024-03-06T17:55:52","slug":"provincia-reintegrara-a-productores-afectados-por-el-desastre-agropecuario-lo-abonado-por-el-impuesto-inmobiliario","status":"publish","type":"post","link":"https:\/\/infovera.com.ar\/web\/2024\/03\/06\/provincia-reintegrara-a-productores-afectados-por-el-desastre-agropecuario-lo-abonado-por-el-impuesto-inmobiliario\/","title":{"rendered":"Provincia reintegrar\u00e1 a productores afectados por el desastre agropecuario lo abonado por el Impuesto Inmobiliario"},"content":{"rendered":"<p>En un hecho in\u00e9dito en la provincia, el Gobierno santafesino permitir\u00e1 a aquellos productores que abonaron el impuesto inmobiliario 2022 y 2023, en forma total o parcial, utilizar esos saldos en el 2024. A aquellos beneficiarios que ya abonaron el impuesto de manera anual en este a\u00f1o, se les reintegrar\u00e1n los fondos. Fue anunciado en Expoagro.<\/p>\n<p>Los productores agropecuarios santafesinos, que pagaron total o parcialmente el impuesto inmobiliario rural durante el a\u00f1o 2022 y 2023, y que se vieron afectados por el desastre agropecuario, encuadrados en los Decretos 627 y 1887 del a\u00f1o pasado, tendr\u00e1n a favor el monto abonado para utilizarlo en las cuotas de este a\u00f1o.<\/p>\n<p>El ministro de Econom\u00eda, Pablo Olivares, explic\u00f3 en Expoagro que \u201cdebido a la declaraci\u00f3n de desastre agropecuario, resultaban exentos del pago del Impuesto Inmobiliario y muchos ya lo hab\u00edan abonado total o parcialmente, se establecieron mecanismos para que, por primera vez, puedan aplicar ese saldo a favor a las cuotas de este a\u00f1o e inclusive con la pr\u00f3rroga de poder liquidar el impuesto anual con descuento previsto del 35 % hasta el 30 de abril\u201d.<\/p>\n<p>Adem\u00e1s, Olivares detall\u00f3 que aquellos que cuenten con este saldo a favor, y que de igual manera abonaron el pago anual 2024, por primera vez Provincia les reintegrar\u00e1 el impuesto por ese pago en exceso directamente a su propia CBU con tr\u00e1mite 100% digital. La devoluci\u00f3n impositiva, se indic\u00f3, supera los $ 2.425 millones.<\/p>\n<p><strong>Solicitud<\/strong><\/p>\n<p>Los contribuyentes alcanzados por el Desastre Agropecuario que realizaron pagos por el Impuesto Inmobiliario correspondiente a las cuotas del per\u00edodo fiscal 2022 y 2023, podr\u00e1n realizar la compensaci\u00f3n de pagos mediante la aplicaci\u00f3n web que se encuentra disponible en\u00a0<a href=\"http:\/\/www.santafe.gov.ar\/api\">www.santafe.gov.ar\/api<\/a>\u00a0&#8211; Tr\u00e1mite: Impuesto Inmobiliario: Compensaci\u00f3n de Pagos aprobada por la Resoluci\u00f3n General N\u00ba 15\/2023, con los alcances establecidos por dicha norma.<\/p>\n<p>Una vez efectuada la compensaci\u00f3n podr\u00e1n generar la liquidaci\u00f3n del Pago Total Anual ingresando al siguiente link:<a href=\"https:\/\/www.santafe.gob.ar\/e-in-liq-deuda\/pago_anticipado\/\">\u00a0https:\/\/www.santafe.gob.ar\/e-in-liq-deuda\/pago_anticipado\/<\/a>\u00a0o de las cuotas del a\u00f1o 2024 ingresando al link:\u00a0https:\/\/www.santafe.gob.ar\/e-in-liq-deuda\/<\/p>\n<p>Para realizar los tr\u00e1mites deber\u00e1n contar con CUIT (Clave \u00danica de Identificaci\u00f3n Tributaria) y el servicio \u201cAPI \u2013 Santa Fe \u2013 Compensaci\u00f3n Pago Inmobiliario\u201d Res. 15\/2023 habilitado en el sitio web de la Administraci\u00f3n Federal de Ingresos P\u00fablicos (AFIP).<\/p>\n<p>Aquellos que realizaron el pago total anual del a\u00f1o 2022 y 2023, deber\u00e1n tener el servicio \u201cAPI \u2013 Santa Fe \u2013 Inmobiliario Devoluci\u00f3n Pago Total Anual 2022\/2023\u201d habilitado en el sitio web de la Administraci\u00f3n Federal de Ingresos P\u00fablicos.<\/p>\n<p>La aplicaci\u00f3n se encontrar\u00e1 disponible en<a href=\"http:\/\/www.santafe.gov.ar\/api\">\u00a0www.santafe.gov.ar\/api<\/a>\u00a0\u2013 Box de Destacado: \u201cImpuesto Inmobiliario \u2013 Devoluci\u00f3n Pago Total Anual 2022 y 2023\u201d.<\/p>\n<p>Una vez finalizado los tr\u00e1mites tanto para la generaci\u00f3n de saldo por el pago de cuotas o por haber abonado el total del per\u00edodo 2022 &#8211; 2023, el sistema le asignar\u00e1 un n\u00famero de tr\u00e1mite, el cual ser\u00e1 incorporado al Sistema de Gesti\u00f3n de Tr\u00e1mites de esta Administraci\u00f3n Provincial de Impuestos para su posterior tramitaci\u00f3n.<\/p>\n","protected":false},"excerpt":{"rendered":"<p>En un hecho in\u00e9dito en la provincia, el Gobierno santafesino permitir\u00e1 a aquellos productores que abonaron el impuesto inmobiliario 2022 y 2023, en forma total o parcial, utilizar esos saldos en el 2024. A aquellos beneficiarios que ya abonaron el impuesto de manera anual en este a\u00f1o, se les reintegrar\u00e1n los fondos. Fue anunciado en [&hellip;]<\/p>\n","protected":false},"author":3,"featured_media":36298,"comment_status":"closed","ping_status":"closed","sticky":false,"template":"","format":"standard","meta":{"_joinchat":[],"footnotes":""},"categories":[60],"tags":[],"class_list":{"0":"post-50460","1":"post","2":"type-post","3":"status-publish","4":"format-standard","5":"has-post-thumbnail","7":"category-provinciales"},"_links":{"self":[{"href":"https:\/\/infovera.com.ar\/web\/wp-json\/wp\/v2\/posts\/50460","targetHints":{"allow":["GET"]}}],"collection":[{"href":"https:\/\/infovera.com.ar\/web\/wp-json\/wp\/v2\/posts"}],"about":[{"href":"https:\/\/infovera.com.ar\/web\/wp-json\/wp\/v2\/types\/post"}],"author":[{"embeddable":true,"href":"https:\/\/infovera.com.ar\/web\/wp-json\/wp\/v2\/users\/3"}],"replies":[{"embeddable":true,"href":"https:\/\/infovera.com.ar\/web\/wp-json\/wp\/v2\/comments?post=50460"}],"version-history":[{"count":0,"href":"https:\/\/infovera.com.ar\/web\/wp-json\/wp\/v2\/posts\/50460\/revisions"}],"wp:featuredmedia":[{"embeddable":true,"href":"https:\/\/infovera.com.ar\/web\/wp-json\/wp\/v2\/media\/36298"}],"wp:attachment":[{"href":"https:\/\/infovera.com.ar\/web\/wp-json\/wp\/v2\/media?parent=50460"}],"wp:term":[{"taxonomy":"category","embeddable":true,"href":"https:\/\/infovera.com.ar\/web\/wp-json\/wp\/v2\/categories?post=50460"},{"taxonomy":"post_tag","embeddable":true,"href":"https:\/\/infovera.com.ar\/web\/wp-json\/wp\/v2\/tags?post=50460"}],"curies":[{"name":"wp","href":"https:\/\/api.w.org\/{rel}","templated":true}]}}