{"id":50457,"date":"2024-03-06T10:28:03","date_gmt":"2024-03-06T13:28:03","guid":{"rendered":"https:\/\/infovera.com.ar\/web\/?p=50457"},"modified":"2024-03-06T12:01:41","modified_gmt":"2024-03-06T15:01:41","slug":"vera-la-pdi-recupero-una-bicicleta-robada-desde-una-vivienda","status":"publish","type":"post","link":"https:\/\/infovera.com.ar\/web\/2024\/03\/06\/vera-la-pdi-recupero-una-bicicleta-robada-desde-una-vivienda\/","title":{"rendered":"Vera: la PDI recuper\u00f3 una bicicleta robada desde una vivienda"},"content":{"rendered":"<p>La Direcci\u00f3n Operativa Investigativa Regi\u00f3n 4- Distrito Vera de la Polic\u00eda de Investigaciones dependiente del Ministerio de Justicia y Seguridad de la Provincia de Santa Fe, recupero una bicicleta que fue sustraida el 4 de marzo de este a\u00f1o desde un garaje de un domicilio, en la Ciudad de Vera .<\/p>\n<p>A ra\u00edz de investigaciones se toma conocimiento que una bicicleta de similares caracter\u00edsticas a la sustra\u00edda, podr\u00eda encontrarse en la vereda de una Distribuidora ubicada en calle Allende Lezama al 1200. Inmediatamente se hace presente personal secuestrando la misma y trasladando a un joven L. M. Q de 19 a\u00f1os de edad, quien manifest\u00f3 haberla adquirido recientemente.<\/p>\n<p>Por orden del Fiscal Dr. Alejandro Rodr\u00edguez de Fiscal\u00eda de Vera, se le atribuye el Delito de Encubrimiento.<\/p>\n","protected":false},"excerpt":{"rendered":"<p>La Direcci\u00f3n Operativa Investigativa Regi\u00f3n 4- Distrito Vera de la Polic\u00eda de Investigaciones dependiente del Ministerio de Justicia y Seguridad de la Provincia de Santa Fe, recupero una bicicleta que fue sustraida el 4 de marzo de este a\u00f1o desde un garaje de un domicilio, en la Ciudad de Vera . A ra\u00edz de investigaciones [&hellip;]<\/p>\n","protected":false},"author":3,"featured_media":50458,"comment_status":"closed","ping_status":"closed","sticky":false,"template":"","format":"standard","meta":{"_joinchat":[],"footnotes":""},"categories":[53],"tags":[],"class_list":{"0":"post-50457","1":"post","2":"type-post","3":"status-publish","4":"format-standard","5":"has-post-thumbnail","7":"category-vera"},"_links":{"self":[{"href":"https:\/\/infovera.com.ar\/web\/wp-json\/wp\/v2\/posts\/50457","targetHints":{"allow":["GET"]}}],"collection":[{"href":"https:\/\/infovera.com.ar\/web\/wp-json\/wp\/v2\/posts"}],"about":[{"href":"https:\/\/infovera.com.ar\/web\/wp-json\/wp\/v2\/types\/post"}],"author":[{"embeddable":true,"href":"https:\/\/infovera.com.ar\/web\/wp-json\/wp\/v2\/users\/3"}],"replies":[{"embeddable":true,"href":"https:\/\/infovera.com.ar\/web\/wp-json\/wp\/v2\/comments?post=50457"}],"version-history":[{"count":0,"href":"https:\/\/infovera.com.ar\/web\/wp-json\/wp\/v2\/posts\/50457\/revisions"}],"wp:featuredmedia":[{"embeddable":true,"href":"https:\/\/infovera.com.ar\/web\/wp-json\/wp\/v2\/media\/50458"}],"wp:attachment":[{"href":"https:\/\/infovera.com.ar\/web\/wp-json\/wp\/v2\/media?parent=50457"}],"wp:term":[{"taxonomy":"category","embeddable":true,"href":"https:\/\/infovera.com.ar\/web\/wp-json\/wp\/v2\/categories?post=50457"},{"taxonomy":"post_tag","embeddable":true,"href":"https:\/\/infovera.com.ar\/web\/wp-json\/wp\/v2\/tags?post=50457"}],"curies":[{"name":"wp","href":"https:\/\/api.w.org\/{rel}","templated":true}]}}