{"id":50392,"date":"2024-03-02T13:18:01","date_gmt":"2024-03-02T16:18:01","guid":{"rendered":"https:\/\/infovera.com.ar\/web\/?p=50392"},"modified":"2024-03-02T13:18:01","modified_gmt":"2024-03-02T16:18:01","slug":"garantizan-el-transporte-para-que-empleados-de-la-curtiembre-arlei-puedan-llegar-al-trabajo","status":"publish","type":"post","link":"https:\/\/infovera.com.ar\/web\/2024\/03\/02\/garantizan-el-transporte-para-que-empleados-de-la-curtiembre-arlei-puedan-llegar-al-trabajo\/","title":{"rendered":"Garantizan el transporte para que empleados de la Curtiembre Arlei puedan llegar al trabajo"},"content":{"rendered":"<p>A partir de este lunes, trabajadores de Villa Ocampo contar\u00e1n con un transporte que conectar\u00e1 esta localidad con la planta de Arlei, ubicada en Las Toscas. Se trata de una gesti\u00f3n realizada en forma conjunta por la Provincia y el gobierno local.<\/p>\n<p>Los 85 operarios de la curtiembre Arlei SA, radicada en la localidad de Las Toscas, en el departamento General Obligado, contar\u00e1n a partir de este lunes con una nueva frecuencia exclusiva en el servicio de transporte brindado por la empresa El Norte Bis S.R.L.<br \/>\nSe trata de un reclamo que llevaba a\u00f1os sin respuesta y que pudo resolverse gracias al trabajo conjunto del Ministerio de Desarrollo Productivo de la Provincia, que encabeza Gustavo Puccini, a trav\u00e9s de la secretaria de Transporte y Log\u00edstica, Renata Ghilotti; el intendente de Villa Ocampo, Cristian Marega, y gerentes de la empresa El Norte Bis.<br \/>\nEl nuevo servicio unir\u00e1 Las Toscas con Villa Ocampo, totalizando una distancia de 24.4 kil\u00f3metros, y contar\u00e1 con tres frecuencias diarias -de lunes a domingos- en tres horarios: a las 04, a las 12 y a las 20 horas.<\/p>\n<p><strong>Garantizar el acceso al trabajo<\/strong><\/p>\n<p>Al respecto, Ghilotti manifest\u00f3 que \u201cnos interiorizamos sobre la situaci\u00f3n, sab\u00edamos que no hab\u00eda horarios que coincidan con la entrada y salida de los empleados de la planta, y nos pusimos de acuerdo con la empresa para poder llevarles una soluci\u00f3n a todos los trabajadores. Tomamos esa determinaci\u00f3n para que puedan contar con un medio de traslado para llegar desde Villa Ocampo y Tacuarend\u00ed a sus puestos de trabajo en Las Tocas\u201d.<\/p>\n<p>\u201cEstamos enfocados en que la provincia de Santa Fe eleve su sistema productivo y esta es una herramienta m\u00e1s para mejorar las condiciones; tanto de la empresa, para producir de la mejor manera, como de los trabajadores, que hasta hoy, deb\u00edan llegar de forma privada.\u00a0 Lo que hicimos fue garantizarles el acceso al trabajo\u201d.<\/p>\n<p>Marega, por su parte, expres\u00f3 el agradecimiento por \u201cel acompa\u00f1amiento del Gobierno de la provincia, a trav\u00e9s del Ministerio de Desarrollo Productivo; a todas las personas que desde la Secretar\u00eda de Transporte hicieron posible que las gestiones que realizamos en forma conjunta desde nuestra ciudad para poder ampliar la frecuencia de El Norte Bis hayan tenido resultados favorables. Esto permitir\u00e1 que las personas que trabajan en la vecina localidad de Las Toscas, en la empresa Arlei, puedan tener un nuevo servicio que les permita llegar todos los d\u00edas a su lugar de trabajo. Esto beneficia a m\u00e1s de 85 trabajadores que podr\u00e1n llegar en tiempo y forma a su lugar de trabajo\u201d, agreg\u00f3.<\/p>\n","protected":false},"excerpt":{"rendered":"<p>A partir de este lunes, trabajadores de Villa Ocampo contar\u00e1n con un transporte que conectar\u00e1 esta localidad con la planta de Arlei, ubicada en Las Toscas. Se trata de una gesti\u00f3n realizada en forma conjunta por la Provincia y el gobierno local. Los 85 operarios de la curtiembre Arlei SA, radicada en la localidad de [&hellip;]<\/p>\n","protected":false},"author":3,"featured_media":50393,"comment_status":"closed","ping_status":"closed","sticky":false,"template":"","format":"standard","meta":{"_joinchat":[],"footnotes":""},"categories":[61],"tags":[],"class_list":{"0":"post-50392","1":"post","2":"type-post","3":"status-publish","4":"format-standard","5":"has-post-thumbnail","7":"category-regionales"},"_links":{"self":[{"href":"https:\/\/infovera.com.ar\/web\/wp-json\/wp\/v2\/posts\/50392","targetHints":{"allow":["GET"]}}],"collection":[{"href":"https:\/\/infovera.com.ar\/web\/wp-json\/wp\/v2\/posts"}],"about":[{"href":"https:\/\/infovera.com.ar\/web\/wp-json\/wp\/v2\/types\/post"}],"author":[{"embeddable":true,"href":"https:\/\/infovera.com.ar\/web\/wp-json\/wp\/v2\/users\/3"}],"replies":[{"embeddable":true,"href":"https:\/\/infovera.com.ar\/web\/wp-json\/wp\/v2\/comments?post=50392"}],"version-history":[{"count":0,"href":"https:\/\/infovera.com.ar\/web\/wp-json\/wp\/v2\/posts\/50392\/revisions"}],"wp:featuredmedia":[{"embeddable":true,"href":"https:\/\/infovera.com.ar\/web\/wp-json\/wp\/v2\/media\/50393"}],"wp:attachment":[{"href":"https:\/\/infovera.com.ar\/web\/wp-json\/wp\/v2\/media?parent=50392"}],"wp:term":[{"taxonomy":"category","embeddable":true,"href":"https:\/\/infovera.com.ar\/web\/wp-json\/wp\/v2\/categories?post=50392"},{"taxonomy":"post_tag","embeddable":true,"href":"https:\/\/infovera.com.ar\/web\/wp-json\/wp\/v2\/tags?post=50392"}],"curies":[{"name":"wp","href":"https:\/\/api.w.org\/{rel}","templated":true}]}}