{"id":50370,"date":"2024-03-01T12:50:48","date_gmt":"2024-03-01T15:50:48","guid":{"rendered":"https:\/\/infovera.com.ar\/web\/?p=50370"},"modified":"2024-03-04T17:46:51","modified_gmt":"2024-03-04T20:46:51","slug":"amsafe-define-la-fecha-del-proximo-paro-de-48-hs","status":"publish","type":"post","link":"https:\/\/infovera.com.ar\/web\/2024\/03\/01\/amsafe-define-la-fecha-del-proximo-paro-de-48-hs\/","title":{"rendered":"AMSAFE define la fecha del pr\u00f3ximo paro de 48 hs"},"content":{"rendered":"<p>AMSAFE expres\u00f3 que &#8220;ante la falta de convocatoria a una nueva instancia paritaria por parte del gobierno provincial&#8221;, convoc\u00f3 a sus delegados seccionales a reuni\u00f3n de Comisi\u00f3n Directiva Ampliada, a realizarse el d\u00eda lunes 4 de marzo a las 14 en la sede sindical provincial.<\/p>\n<p>Esto en el contexto de a Jornada Nacional de Protesta definida por la Junta Directiva de CTERA, y que la Asamblea Provincial de AMSAFE determin\u00f3 que la Comisi\u00f3n Directiva, junto con las y los delegados seccionales, sea la encargada de fijar la fecha de las pr\u00f3ximas 48 horas de paro.<\/p>\n<p>En esa oportunidad, ser\u00e1 definida la fecha del paro de 48 horas, resuelto por la \u00faltima Asamblea Provincial.<\/p>\n","protected":false},"excerpt":{"rendered":"<p>AMSAFE expres\u00f3 que &#8220;ante la falta de convocatoria a una nueva instancia paritaria por parte del gobierno provincial&#8221;, convoc\u00f3 a sus delegados seccionales a reuni\u00f3n de Comisi\u00f3n Directiva Ampliada, a realizarse el d\u00eda lunes 4 de marzo a las 14 en la sede sindical provincial. Esto en el contexto de a Jornada Nacional de Protesta [&hellip;]<\/p>\n","protected":false},"author":3,"featured_media":39163,"comment_status":"closed","ping_status":"closed","sticky":false,"template":"","format":"standard","meta":{"_joinchat":[],"footnotes":""},"categories":[60],"tags":[],"class_list":{"0":"post-50370","1":"post","2":"type-post","3":"status-publish","4":"format-standard","5":"has-post-thumbnail","7":"category-provinciales"},"_links":{"self":[{"href":"https:\/\/infovera.com.ar\/web\/wp-json\/wp\/v2\/posts\/50370","targetHints":{"allow":["GET"]}}],"collection":[{"href":"https:\/\/infovera.com.ar\/web\/wp-json\/wp\/v2\/posts"}],"about":[{"href":"https:\/\/infovera.com.ar\/web\/wp-json\/wp\/v2\/types\/post"}],"author":[{"embeddable":true,"href":"https:\/\/infovera.com.ar\/web\/wp-json\/wp\/v2\/users\/3"}],"replies":[{"embeddable":true,"href":"https:\/\/infovera.com.ar\/web\/wp-json\/wp\/v2\/comments?post=50370"}],"version-history":[{"count":0,"href":"https:\/\/infovera.com.ar\/web\/wp-json\/wp\/v2\/posts\/50370\/revisions"}],"wp:featuredmedia":[{"embeddable":true,"href":"https:\/\/infovera.com.ar\/web\/wp-json\/wp\/v2\/media\/39163"}],"wp:attachment":[{"href":"https:\/\/infovera.com.ar\/web\/wp-json\/wp\/v2\/media?parent=50370"}],"wp:term":[{"taxonomy":"category","embeddable":true,"href":"https:\/\/infovera.com.ar\/web\/wp-json\/wp\/v2\/categories?post=50370"},{"taxonomy":"post_tag","embeddable":true,"href":"https:\/\/infovera.com.ar\/web\/wp-json\/wp\/v2\/tags?post=50370"}],"curies":[{"name":"wp","href":"https:\/\/api.w.org\/{rel}","templated":true}]}}