{"id":50358,"date":"2024-03-01T08:46:31","date_gmt":"2024-03-01T11:46:31","guid":{"rendered":"https:\/\/infovera.com.ar\/web\/?p=50358"},"modified":"2024-03-01T12:53:00","modified_gmt":"2024-03-01T15:53:00","slug":"calchaqui-demoraron-a-tres-menores-por-el-robo-de-fernanditos-y-una-bici","status":"publish","type":"post","link":"https:\/\/infovera.com.ar\/web\/2024\/03\/01\/calchaqui-demoraron-a-tres-menores-por-el-robo-de-fernanditos-y-una-bici\/","title":{"rendered":"Calchaqu\u00ed: demoraron a tres menores por el robo de Fernanditos y una bici"},"content":{"rendered":"<p>El jueves, numerarios de la Comisar\u00eda 2da. de Calchaqu\u00ed demoraron a tres menores de edad por el robo a un local comercial.<\/p>\n<p>Fue a ra\u00edz de la denuncia del propietario del lugar, que dio cuenta que, tras ocasionar da\u00f1os en una de las aberturas del local, se llevaron numerosas bebidas.<\/p>\n<p>A los tres adolescentes de 15 y 16 a\u00f1os se les secuestr\u00f3 varios packs de Fernandito.<\/p>\n<p>Continuando con la diligencias, los polic\u00edas determinaron que los menores, presumiblemente, no ser\u00edan ajenos al delito de hurto de una bicicleta Runner rodado 26, que ocultaron en un zanj\u00f3n luego de desarmarla.<\/p>\n<p>Con la utilizaci\u00f3n de patejas, los agentes de seguridad extrajeron la misma del desag\u00fce pluvial. Interviene la jueza de Menores de la ciudad de Reconquista, quien orden\u00f3 diligencias a seguir.<\/p>\n<p><strong>M\u00e1s fernet<\/strong><\/p>\n<p>Un hombre de 32 a\u00f1os fue detenido por la polic\u00eda de Calchaqu\u00ed por el robo de dos botellas de Fernet Branca de 750 cc.<\/p>\n<p>Durante la jornada del jueves, el due\u00f1o de un local comercial denunci\u00f3 que esta persona ingres\u00f3 a su negocio y sustrajo de las g\u00f3ndolas 2 botellas de la bebida, las cuales ocult\u00f3 en sus prendas de vestir para luego retirarse del comercio.<\/p>\n<p>De diligencias llevadas a cabo por personal de guardia se estableci\u00f3n que no ser\u00eda ajeno al presente hecho un hombre de 32 a\u00f1os de edad, aprehendido y trasladado a sede policial.<\/p>\n","protected":false},"excerpt":{"rendered":"<p>El jueves, numerarios de la Comisar\u00eda 2da. de Calchaqu\u00ed demoraron a tres menores de edad por el robo a un local comercial. Fue a ra\u00edz de la denuncia del propietario del lugar, que dio cuenta que, tras ocasionar da\u00f1os en una de las aberturas del local, se llevaron numerosas bebidas. A los tres adolescentes de [&hellip;]<\/p>\n","protected":false},"author":3,"featured_media":50359,"comment_status":"closed","ping_status":"closed","sticky":false,"template":"","format":"standard","meta":{"_joinchat":[],"footnotes":""},"categories":[30,53],"tags":[],"class_list":{"0":"post-50358","1":"post","2":"type-post","3":"status-publish","4":"format-standard","5":"has-post-thumbnail","7":"category-policiales","8":"category-vera"},"_links":{"self":[{"href":"https:\/\/infovera.com.ar\/web\/wp-json\/wp\/v2\/posts\/50358","targetHints":{"allow":["GET"]}}],"collection":[{"href":"https:\/\/infovera.com.ar\/web\/wp-json\/wp\/v2\/posts"}],"about":[{"href":"https:\/\/infovera.com.ar\/web\/wp-json\/wp\/v2\/types\/post"}],"author":[{"embeddable":true,"href":"https:\/\/infovera.com.ar\/web\/wp-json\/wp\/v2\/users\/3"}],"replies":[{"embeddable":true,"href":"https:\/\/infovera.com.ar\/web\/wp-json\/wp\/v2\/comments?post=50358"}],"version-history":[{"count":0,"href":"https:\/\/infovera.com.ar\/web\/wp-json\/wp\/v2\/posts\/50358\/revisions"}],"wp:featuredmedia":[{"embeddable":true,"href":"https:\/\/infovera.com.ar\/web\/wp-json\/wp\/v2\/media\/50359"}],"wp:attachment":[{"href":"https:\/\/infovera.com.ar\/web\/wp-json\/wp\/v2\/media?parent=50358"}],"wp:term":[{"taxonomy":"category","embeddable":true,"href":"https:\/\/infovera.com.ar\/web\/wp-json\/wp\/v2\/categories?post=50358"},{"taxonomy":"post_tag","embeddable":true,"href":"https:\/\/infovera.com.ar\/web\/wp-json\/wp\/v2\/tags?post=50358"}],"curies":[{"name":"wp","href":"https:\/\/api.w.org\/{rel}","templated":true}]}}