{"id":50331,"date":"2024-02-28T19:07:15","date_gmt":"2024-02-28T22:07:15","guid":{"rendered":"https:\/\/infovera.com.ar\/web\/?p=50331"},"modified":"2024-02-29T10:44:08","modified_gmt":"2024-02-29T13:44:08","slug":"cronograma-de-pago-de-haberes-del-mes-de-febrero-2024","status":"publish","type":"post","link":"https:\/\/infovera.com.ar\/web\/2024\/02\/28\/cronograma-de-pago-de-haberes-del-mes-de-febrero-2024\/","title":{"rendered":"Cronograma de pago de haberes del mes de febrero 2024"},"content":{"rendered":"<p>Se inicia el viernes 1 de marzo y se extiende hasta el jueves 7 para los agentes p\u00fablicos.<\/p>\n<p>El Gobierno de la Provincia, a trav\u00e9s del Ministerio de Econom\u00eda, inform\u00f3 el cronograma de pago de los haberes del mes de febrero, que se percibir\u00e1n a partir del viernes 1 y hasta el mi\u00e9rcoles 6, en el caso de los agentes p\u00fablicos; y se completar\u00e1 el jueves 7 para las autoridades superiores de los tres poderes.<\/p>\n<p>&gt; Viernes 1 de marzo<br \/>\n* Pasivos a los que les corresponde percibir un monto de bolsillo de hasta $ 450.000<br \/>\n* Escalaf\u00f3n Policial<\/p>\n<p>&gt; Lunes 4 de marzo<br \/>\n* Activos a los que le corresponde percibir un monto de bolsillo de hasta $ 428.000<br \/>\n* Docentes de Escuelas Privadas Transferidas 1\u00b0 y 2\u00b0 Convenio<\/p>\n<p>&gt; Martes 5 de marzo<br \/>\n* Resto de activos a los que les corresponde percibir un monto de bolsillo superior a $ 428.000<br \/>\n* Docentes de Escuelas Privadas Hist\u00f3ricas<\/p>\n<p>&gt; Mi\u00e9rcoles 6 de marzo<br \/>\n* Resto de pasivos a los que les corresponde percibir un monto de bolsillo superior a los $ 450.000<\/p>\n<p>&gt; Jueves 7 de marzo<br \/>\n* Autoridades Superiores Poder Judicial, Poder Legislativo y Poder Ejecutivo.<\/p>\n","protected":false},"excerpt":{"rendered":"<p>Se inicia el viernes 1 de marzo y se extiende hasta el jueves 7 para los agentes p\u00fablicos. El Gobierno de la Provincia, a trav\u00e9s del Ministerio de Econom\u00eda, inform\u00f3 el cronograma de pago de los haberes del mes de febrero, que se percibir\u00e1n a partir del viernes 1 y hasta el mi\u00e9rcoles 6, en [&hellip;]<\/p>\n","protected":false},"author":3,"featured_media":50332,"comment_status":"closed","ping_status":"closed","sticky":false,"template":"","format":"standard","meta":{"_joinchat":[],"footnotes":""},"categories":[60],"tags":[],"class_list":{"0":"post-50331","1":"post","2":"type-post","3":"status-publish","4":"format-standard","5":"has-post-thumbnail","7":"category-provinciales"},"_links":{"self":[{"href":"https:\/\/infovera.com.ar\/web\/wp-json\/wp\/v2\/posts\/50331","targetHints":{"allow":["GET"]}}],"collection":[{"href":"https:\/\/infovera.com.ar\/web\/wp-json\/wp\/v2\/posts"}],"about":[{"href":"https:\/\/infovera.com.ar\/web\/wp-json\/wp\/v2\/types\/post"}],"author":[{"embeddable":true,"href":"https:\/\/infovera.com.ar\/web\/wp-json\/wp\/v2\/users\/3"}],"replies":[{"embeddable":true,"href":"https:\/\/infovera.com.ar\/web\/wp-json\/wp\/v2\/comments?post=50331"}],"version-history":[{"count":0,"href":"https:\/\/infovera.com.ar\/web\/wp-json\/wp\/v2\/posts\/50331\/revisions"}],"wp:featuredmedia":[{"embeddable":true,"href":"https:\/\/infovera.com.ar\/web\/wp-json\/wp\/v2\/media\/50332"}],"wp:attachment":[{"href":"https:\/\/infovera.com.ar\/web\/wp-json\/wp\/v2\/media?parent=50331"}],"wp:term":[{"taxonomy":"category","embeddable":true,"href":"https:\/\/infovera.com.ar\/web\/wp-json\/wp\/v2\/categories?post=50331"},{"taxonomy":"post_tag","embeddable":true,"href":"https:\/\/infovera.com.ar\/web\/wp-json\/wp\/v2\/tags?post=50331"}],"curies":[{"name":"wp","href":"https:\/\/api.w.org\/{rel}","templated":true}]}}