{"id":50322,"date":"2024-02-28T18:48:23","date_gmt":"2024-02-28T21:48:23","guid":{"rendered":"https:\/\/infovera.com.ar\/web\/?p=50322"},"modified":"2024-02-28T18:48:23","modified_gmt":"2024-02-28T21:48:23","slug":"pullaro-en-tostado-vamos-a-poner-en-valor-la-region-con-obras-que-cambien-la-vida-de-los-vecinos","status":"publish","type":"post","link":"https:\/\/infovera.com.ar\/web\/2024\/02\/28\/pullaro-en-tostado-vamos-a-poner-en-valor-la-region-con-obras-que-cambien-la-vida-de-los-vecinos\/","title":{"rendered":"Pullaro en Tostado: \u201cVamos a poner en valor la regi\u00f3n con obras que cambien la vida de los vecinos\u201d"},"content":{"rendered":"<p>El gobernador encabez\u00f3 una reuni\u00f3n de Gabinete en la cabecera del departamento 9 de Julio. \u201cVenimos a escuchar, a agendar los problemas, y a traer soluciones\u201d, se\u00f1al\u00f3 Pullaro. Adem\u00e1s, se firmaron convenios para obras de agua potable en diferentes localidades.<\/p>\n<p>El gobernador Maximiliano Pullaro y la vicegobernadora Gisela Scaglia encabezaron este mi\u00e9rcoles una reuni\u00f3n de gabinete en la ciudad de Tostado, con el objetivo de \u201ctrabajar en la agenda de esta regi\u00f3n. Que estemos presentes significa que venimos a escuchar, a agendar los problemas, y a traer soluciones\u201d, precis\u00f3 el mandatario provincial.<\/p>\n<p>En este sentido, Pullaro destac\u00f3: \u201cQueremos poner en valor esta regi\u00f3n muy importante de la provincia, con obras trascendentes, para cambiarle la vida a los vecinos de 9 de Julio; pero tambi\u00e9n para pensar de qu\u00e9 manera llevamos adelante el desarrollo productivo en la provincia de Santa Fe, y equilibrar las asimetr\u00edas que tenemos\u201d.<\/p>\n<p>Al respecto, precis\u00f3 que \u201cestamos defendiendo lo que es nuestro, defendiendo nuestro campo, fortaleciendo nuestra industria, pensando en programas productivos que generen trabajo, que generen empleo, que saquen a las personas de la pobreza, y para eso tenemos muy claro las herramientas de desarrollo de infraestructura, de desarrollo energ\u00e9tico, de conectividad, que tenemos que llevar adelante\u201d.<\/p>\n<p>\u201cVamos a trabajar much\u00edsimo los pr\u00f3ximos a\u00f1os y lo vamos a hacer al lado de las autoridades locales, con mucho di\u00e1logo, de cara a la gente y con mucha cercan\u00eda, con todos, sin discriminar a nadie, porque en cada localidad viven santafesinos y santafesinas\u201d, concluy\u00f3 el gobernador.<\/p>\n<p><strong>Reuni\u00f3n hist\u00f3rica<\/strong><\/p>\n<p>Por su parte, la vicegobernadora Gisela Scaglia se\u00f1al\u00f3 que \u201ces hist\u00f3rico que est\u00e9 el gabinete presente\u201d en Tostado y destac\u00f3 la importancia de ver \u201cel trabajo de los presidentes comunales y del intendente (Andr\u00e9s Cagliero), que est\u00e1n haciendo un esfuerzo enorme, para devolverle a la gente la dignidad de la obra p\u00fablica y para que llegue el agua potable a cada una de las localidades\u201d.<\/p>\n<p>Por \u00faltimo, agradeci\u00f3 a las \u201cinstituciones presentes, a las sociedades rurales y c\u00e1maras agr\u00edcolas, porque la Santa Fe que queremos parte de lo que se hace ac\u00e1, parte de defender la industria, el campo, lo que producimos y lo que somos los santafesinos. As\u00ed que pueden contar con nosotros, el gobernador y los ministros. Vamos a estar para defender lo que m\u00e1s nos importa, que es nuestra producci\u00f3n y lo que genera trabajo en la Argentina y en la provincia de Santa Fe\u201d, concluy\u00f3 Scaglia.<\/p>\n<p>En tanto, el senador por el departamento 9 de Julio, Ra\u00fal Gramajo, indic\u00f3 que \u201cpor primera vez, un gobernador de la provincia viene con todo su gabinete, para atender la problem\u00e1tica de la ciudad y del departamento 9 de Julio\u201d. Y se\u00f1al\u00f3 que \u201cel gobierno est\u00e1 empe\u00f1ado en desarrollar este norte, que tiene potencial econ\u00f3mico, pero nos est\u00e1n faltando algunas obras importantes; y estoy convencido que nuestro gobernador y su equipo de gobierno nos va a dar una mano\u201d.<\/p>\n<p><strong>Convenios para agua potable<\/strong><\/p>\n<p>Durante la visita, el gobernador Pullaro y el ministro de Obras P\u00fablicas, Lisandro Enrico, firmaron convenios para la adquisici\u00f3n de insumos y equipos para el sistema de provisi\u00f3n de agua potable de Gato Colorado, San Bernardo, Villa Minetti, Santa Margarita, Gregoria Pereza de Denis y Pozo Borrado. Adem\u00e1s, suscribieron acuerdos con Logro\u00f1o, para la adquisici\u00f3n de insumos para el sistema de agua potable; y la ciudad de Tostado para la compra de equipos para la planta de \u00f3smosis inversa y para gastos de funcionamiento del cami\u00f3n cisterna.<\/p>\n","protected":false},"excerpt":{"rendered":"<p>El gobernador encabez\u00f3 una reuni\u00f3n de Gabinete en la cabecera del departamento 9 de Julio. \u201cVenimos a escuchar, a agendar los problemas, y a traer soluciones\u201d, se\u00f1al\u00f3 Pullaro. Adem\u00e1s, se firmaron convenios para obras de agua potable en diferentes localidades. El gobernador Maximiliano Pullaro y la vicegobernadora Gisela Scaglia encabezaron este mi\u00e9rcoles una reuni\u00f3n de [&hellip;]<\/p>\n","protected":false},"author":3,"featured_media":50323,"comment_status":"closed","ping_status":"closed","sticky":false,"template":"","format":"standard","meta":{"_joinchat":[],"footnotes":""},"categories":[60],"tags":[],"class_list":{"0":"post-50322","1":"post","2":"type-post","3":"status-publish","4":"format-standard","5":"has-post-thumbnail","7":"category-provinciales"},"_links":{"self":[{"href":"https:\/\/infovera.com.ar\/web\/wp-json\/wp\/v2\/posts\/50322","targetHints":{"allow":["GET"]}}],"collection":[{"href":"https:\/\/infovera.com.ar\/web\/wp-json\/wp\/v2\/posts"}],"about":[{"href":"https:\/\/infovera.com.ar\/web\/wp-json\/wp\/v2\/types\/post"}],"author":[{"embeddable":true,"href":"https:\/\/infovera.com.ar\/web\/wp-json\/wp\/v2\/users\/3"}],"replies":[{"embeddable":true,"href":"https:\/\/infovera.com.ar\/web\/wp-json\/wp\/v2\/comments?post=50322"}],"version-history":[{"count":0,"href":"https:\/\/infovera.com.ar\/web\/wp-json\/wp\/v2\/posts\/50322\/revisions"}],"wp:featuredmedia":[{"embeddable":true,"href":"https:\/\/infovera.com.ar\/web\/wp-json\/wp\/v2\/media\/50323"}],"wp:attachment":[{"href":"https:\/\/infovera.com.ar\/web\/wp-json\/wp\/v2\/media?parent=50322"}],"wp:term":[{"taxonomy":"category","embeddable":true,"href":"https:\/\/infovera.com.ar\/web\/wp-json\/wp\/v2\/categories?post=50322"},{"taxonomy":"post_tag","embeddable":true,"href":"https:\/\/infovera.com.ar\/web\/wp-json\/wp\/v2\/tags?post=50322"}],"curies":[{"name":"wp","href":"https:\/\/api.w.org\/{rel}","templated":true}]}}