{"id":50280,"date":"2024-02-26T14:25:32","date_gmt":"2024-02-26T17:25:32","guid":{"rendered":"https:\/\/infovera.com.ar\/web\/?p=50280"},"modified":"2024-02-26T14:25:32","modified_gmt":"2024-02-26T17:25:32","slug":"detuvieron-e-imputaran-a-policias-por-plantar-armas-utilizadas-en-balaceras-y-amenazas-al-gobernador","status":"publish","type":"post","link":"https:\/\/infovera.com.ar\/web\/2024\/02\/26\/detuvieron-e-imputaran-a-policias-por-plantar-armas-utilizadas-en-balaceras-y-amenazas-al-gobernador\/","title":{"rendered":"Detuvieron e imputar\u00e1n a polic\u00edas por plantar armas utilizadas en balaceras y amenazas al gobernador"},"content":{"rendered":"<p>Desde el Gobierno de Santa Fe y el Ministerio P\u00fablico de la Acusaci\u00f3n dieron detalles de la investigaci\u00f3n que culmin\u00f3 con la aprehensi\u00f3n de cinco efectivos policiales. \u201cSe les va a imputar el encubrimiento de balaceras a objetivos importantes que tuvieron por objeto amenazar al gobernador y a distintos funcionarios provinciales\u201d, se anticip\u00f3.<\/p>\n<p>A trav\u00e9s de una conferencia de prensa celebrada este lunes en el Centro de Justicia Penal de la ciudad de Rosario, desde el Gobierno de la Provincia de Santa Fe y el Ministerio P\u00fablico de la Acusaci\u00f3n se ofrecieron detalles de la investigaci\u00f3n que dio como resultado la detenci\u00f3n de cinco polic\u00edas, uno de los cuales estaba con carpeta m\u00e9dica y fue arrestado en la provincia de C\u00f3rdoba.<\/p>\n<p>El subsecretario de Control del Ministerio de Justicia y Seguridad, Pablo Covacich, adelant\u00f3 que \u201ca ra\u00edz de este procedimiento hemos pasado a disponibilidad a estos polic\u00edas, esperando el desarrollo de la audiencia del mi\u00e9rcoles, y en base a ello pasarlos a situaci\u00f3n pasiva\u201d.<\/p>\n<p>\u201cEstos agentes tienen diferentes antig\u00fcedades, algunos est\u00e1n en la fuerza desde el 2015 y otros con m\u00e1s a\u00f1os. Van desde inspectores, subinspectores y comisarios. Cuatro de ellos pertenecen al Comando Radioel\u00e9ctrico y el personal que estaba con carpeta m\u00e9dica fue detenido en C\u00f3rdoba y estaba prestando servicio en la Oficina de Gesti\u00f3n Judicial\u201d, remarc\u00f3 Covacich.<\/p>\n<p>Por su parte, el fiscal Franco Carbone brind\u00f3 precisiones del procedimiento que culmin\u00f3 con la detenci\u00f3n de estos cinco efectivos policiales, destacando el trabajo de Asuntos Internos y de las Tropas de Operaciones Especiales.<\/p>\n<p>\u201cDurante el fin de semana hemos realizado un procedimiento que culmin\u00f3 con la detenci\u00f3n de cinco efectivos policiales a los que se les va a imputar una serie de delitos vinculados a encubrimiento, que tuvieron como objeto de amenazas al gobernador de la provincia, a funcionarios provinciales, y balaceras a la sede de las Tropas de Operaciones Especiales, a una sucursal del Banco Macro, a la Comisar\u00eda 19 y al Hospital de Emergencias Clemente Alvarez\u201d, puntualiz\u00f3.<\/p>\n<p>\u201cEn la jerga se conoce como haber plantado las armas. Tenemos comprobado fehacientemente que tres armas aparecieron, seg\u00fan la actas policiales, en el bolso de una camioneta el 31 de enero pasado. Desde el MPA queremos destacar la evidencia recolectada y el trabajo coordinado entre esta Fiscal\u00eda junto a Asuntos Internos para avanzar en la investigaci\u00f3n\u201d, concluy\u00f3 Carbone.<\/p>\n","protected":false},"excerpt":{"rendered":"<p>Desde el Gobierno de Santa Fe y el Ministerio P\u00fablico de la Acusaci\u00f3n dieron detalles de la investigaci\u00f3n que culmin\u00f3 con la aprehensi\u00f3n de cinco efectivos policiales. \u201cSe les va a imputar el encubrimiento de balaceras a objetivos importantes que tuvieron por objeto amenazar al gobernador y a distintos funcionarios provinciales\u201d, se anticip\u00f3. A trav\u00e9s [&hellip;]<\/p>\n","protected":false},"author":3,"featured_media":50281,"comment_status":"closed","ping_status":"closed","sticky":false,"template":"","format":"standard","meta":{"_joinchat":[],"footnotes":""},"categories":[30,60],"tags":[],"class_list":{"0":"post-50280","1":"post","2":"type-post","3":"status-publish","4":"format-standard","5":"has-post-thumbnail","7":"category-policiales","8":"category-provinciales"},"_links":{"self":[{"href":"https:\/\/infovera.com.ar\/web\/wp-json\/wp\/v2\/posts\/50280","targetHints":{"allow":["GET"]}}],"collection":[{"href":"https:\/\/infovera.com.ar\/web\/wp-json\/wp\/v2\/posts"}],"about":[{"href":"https:\/\/infovera.com.ar\/web\/wp-json\/wp\/v2\/types\/post"}],"author":[{"embeddable":true,"href":"https:\/\/infovera.com.ar\/web\/wp-json\/wp\/v2\/users\/3"}],"replies":[{"embeddable":true,"href":"https:\/\/infovera.com.ar\/web\/wp-json\/wp\/v2\/comments?post=50280"}],"version-history":[{"count":0,"href":"https:\/\/infovera.com.ar\/web\/wp-json\/wp\/v2\/posts\/50280\/revisions"}],"wp:featuredmedia":[{"embeddable":true,"href":"https:\/\/infovera.com.ar\/web\/wp-json\/wp\/v2\/media\/50281"}],"wp:attachment":[{"href":"https:\/\/infovera.com.ar\/web\/wp-json\/wp\/v2\/media?parent=50280"}],"wp:term":[{"taxonomy":"category","embeddable":true,"href":"https:\/\/infovera.com.ar\/web\/wp-json\/wp\/v2\/categories?post=50280"},{"taxonomy":"post_tag","embeddable":true,"href":"https:\/\/infovera.com.ar\/web\/wp-json\/wp\/v2\/tags?post=50280"}],"curies":[{"name":"wp","href":"https:\/\/api.w.org\/{rel}","templated":true}]}}