{"id":50276,"date":"2024-02-26T14:18:47","date_gmt":"2024-02-26T17:18:47","guid":{"rendered":"https:\/\/infovera.com.ar\/web\/?p=50276"},"modified":"2024-02-26T23:37:29","modified_gmt":"2024-02-27T02:37:29","slug":"una-maestra-desafio-el-paro-y-dio-clases-con-el-aula-llena","status":"publish","type":"post","link":"https:\/\/infovera.com.ar\/web\/2024\/02\/26\/una-maestra-desafio-el-paro-y-dio-clases-con-el-aula-llena\/","title":{"rendered":"Una maestra desafi\u00f3 el paro y dio clases con el aula llena"},"content":{"rendered":"<p>Est\u00e1 al frente del Segundo Grado de la Escuela &#8220;Pucar\u00e1&#8221; de Reconquista. &#8220;Es la mejor manera de salir adelante&#8221;, afirm\u00f3.<\/p>\n<p>El paro de 48 horas iniciado hoy por el colectivo docente santafesino en rechazo a la propuesta salarial formulada por el gobierno provincial en la paritaria del sector tuvo un acatamiento casi perfecto en todo el norte provincial.<\/p>\n<p>En la enorme mayor\u00eda de las escuelas las aulas estuvieron vac\u00edas a causa de la medida de fuerza que comenz\u00f3 este lunes y se extender\u00e1 hasta el martes.<\/p>\n<p>Pero, como en toda regla hubo una excepci\u00f3n: el Segundo Grado de la Escuela Primaria N\u00ba 1353 \u201cPucar\u00e1\u201d de Reconquista inici\u00f3 el ciclo lectivo 2024 a instancias de la docente a cargo, que decidi\u00f3 no acatar la resoluci\u00f3n gremial e imparti\u00f3 clases de forma regular.<\/p>\n<p>La maestra Olga Cirigliano se present\u00f3 esta ma\u00f1ana en el local escolar y dio comienzo al periodo ordinario de estudios con la sala llena por 23 alumnos que, se les notaba, compart\u00edan su felicidad por volver a la escuela.<\/p>\n<p>La novedad no tard\u00f3 en ganar popularidad en medios de prensa y redes sociales. La propia docente explic\u00f3 a <strong>InfoVera<\/strong> que \u201cyo ten\u00eda muchas ganas de empezar\u201d, porque \u201ccreo que es la mejor manera de salir adelante y de ense\u00f1arles a ellos de que esta es la manera, estando en los lugares de trabajo, aprendiendo y ense\u00f1ando\u201d.<\/p>\n<p>Su postura de no adherir al paro y presentarse a trabajar fue acompa\u00f1ada masivamente por su alumnos, que no la dejaron sola: \u201cEst\u00e1 completo el curso, 23 alumnos. Est\u00e1n todos contentos, con ganas de aprender, y los padres tambi\u00e9n. Por suerte me acompa\u00f1aron\u201d.<\/p>\n<p>La \u201cse\u00f1o\u201d Olga dijo no estar de acuerdo con la propuesta salarial, aunque aclar\u00f3: \u201cNo estoy de acuerdo, pero no es la manera. Hay otras maneras. As\u00ed que bueno, ac\u00e1 estoy\u201d.<\/p>\n<p>Una mam\u00e1 que cerca del mediod\u00eda esperaba la salida de su hijo en la vereda del establecimiento de la zona oeste de Reconquista cont\u00f3 su parecer al respecto, con sentimientos encontrados: \u201cEst\u00e1 bien que hayan empezado las clases, mi hijo estaba muy contento de volver, ten\u00eda muchas ganar de empezar. Por otro lado pienso que mi mam\u00e1 es docente tambi\u00e9n y ella hizo paro, y despu\u00e9s cuando llegan los aumentos los que no hacen paro terminan cobrando gracias a los dem\u00e1s\u201d.<\/p>\n","protected":false},"excerpt":{"rendered":"<p>Est\u00e1 al frente del Segundo Grado de la Escuela &#8220;Pucar\u00e1&#8221; de Reconquista. &#8220;Es la mejor manera de salir adelante&#8221;, afirm\u00f3. El paro de 48 horas iniciado hoy por el colectivo docente santafesino en rechazo a la propuesta salarial formulada por el gobierno provincial en la paritaria del sector tuvo un acatamiento casi perfecto en todo [&hellip;]<\/p>\n","protected":false},"author":3,"featured_media":50296,"comment_status":"closed","ping_status":"closed","sticky":false,"template":"","format":"standard","meta":{"_joinchat":[],"footnotes":""},"categories":[55,61],"tags":[],"class_list":{"0":"post-50276","1":"post","2":"type-post","3":"status-publish","4":"format-standard","5":"has-post-thumbnail","7":"category-reconquista","8":"category-regionales"},"_links":{"self":[{"href":"https:\/\/infovera.com.ar\/web\/wp-json\/wp\/v2\/posts\/50276","targetHints":{"allow":["GET"]}}],"collection":[{"href":"https:\/\/infovera.com.ar\/web\/wp-json\/wp\/v2\/posts"}],"about":[{"href":"https:\/\/infovera.com.ar\/web\/wp-json\/wp\/v2\/types\/post"}],"author":[{"embeddable":true,"href":"https:\/\/infovera.com.ar\/web\/wp-json\/wp\/v2\/users\/3"}],"replies":[{"embeddable":true,"href":"https:\/\/infovera.com.ar\/web\/wp-json\/wp\/v2\/comments?post=50276"}],"version-history":[{"count":0,"href":"https:\/\/infovera.com.ar\/web\/wp-json\/wp\/v2\/posts\/50276\/revisions"}],"wp:featuredmedia":[{"embeddable":true,"href":"https:\/\/infovera.com.ar\/web\/wp-json\/wp\/v2\/media\/50296"}],"wp:attachment":[{"href":"https:\/\/infovera.com.ar\/web\/wp-json\/wp\/v2\/media?parent=50276"}],"wp:term":[{"taxonomy":"category","embeddable":true,"href":"https:\/\/infovera.com.ar\/web\/wp-json\/wp\/v2\/categories?post=50276"},{"taxonomy":"post_tag","embeddable":true,"href":"https:\/\/infovera.com.ar\/web\/wp-json\/wp\/v2\/tags?post=50276"}],"curies":[{"name":"wp","href":"https:\/\/api.w.org\/{rel}","templated":true}]}}