{"id":50261,"date":"2024-02-26T08:40:09","date_gmt":"2024-02-26T11:40:09","guid":{"rendered":"https:\/\/infovera.com.ar\/web\/?p=50261"},"modified":"2024-02-26T08:40:09","modified_gmt":"2024-02-26T11:40:09","slug":"mural-en-homenaje-a-nino","status":"publish","type":"post","link":"https:\/\/infovera.com.ar\/web\/2024\/02\/26\/mural-en-homenaje-a-nino\/","title":{"rendered":"Mural en homenaje a Nino"},"content":{"rendered":"<p>El arte se volvi\u00f3 a trepar de las paredes de &#8220;La Quinta&#8221;.<\/p>\n<p>En dos jornadas a puro color, lograron concretar un \u201cMural Homenaje\u201d, a la mascota (Nino), que los acompa\u00f1\u00f3 por m\u00e1s de 15 a\u00f1os, y concretar arreglos y retoques a otros murales que pintados.<\/p>\n<p>La propuesta fue muy bien recibida por los adolescentes y j\u00f3venes participantes, disfrutando a pleno de este encuentro art\u00edstico y proyectando otros.<\/p>\n<p>La artista Ivana Nu\u00f1ez, fue qui\u00e9n acompa\u00f1o el proceso y regal\u00f3 sus pinceladas tan especiales, defendiendo el arte como una manera de tejer lazos sociales y aprendizajes.<\/p>\n<p>El mural, como obra de ellos, ahora forma parte del nuevo paisaje de los espacios de \u201cLa Quinta\u201d.<\/p>\n<p><a href=\"https:\/\/infovera.com.ar\/web\/wp-content\/uploads\/2024\/02\/nino-1.jpg\"><img loading=\"lazy\" decoding=\"async\" class=\"alignleft size-full wp-image-50263\" src=\"https:\/\/infovera.com.ar\/web\/wp-content\/uploads\/2024\/02\/nino-1.jpg\" alt=\"\" width=\"2048\" height=\"1369\" srcset=\"https:\/\/infovera.com.ar\/web\/wp-content\/uploads\/2024\/02\/nino-1.jpg 2048w, https:\/\/infovera.com.ar\/web\/wp-content\/uploads\/2024\/02\/nino-1-696x465.jpg 696w, https:\/\/infovera.com.ar\/web\/wp-content\/uploads\/2024\/02\/nino-1-1068x714.jpg 1068w, https:\/\/infovera.com.ar\/web\/wp-content\/uploads\/2024\/02\/nino-1-628x420.jpg 628w\" sizes=\"auto, (max-width: 2048px) 100vw, 2048px\" \/><\/a><\/p>\n","protected":false},"excerpt":{"rendered":"<p>El arte se volvi\u00f3 a trepar de las paredes de &#8220;La Quinta&#8221;. En dos jornadas a puro color, lograron concretar un \u201cMural Homenaje\u201d, a la mascota (Nino), que los acompa\u00f1\u00f3 por m\u00e1s de 15 a\u00f1os, y concretar arreglos y retoques a otros murales que pintados. La propuesta fue muy bien recibida por los adolescentes y [&hellip;]<\/p>\n","protected":false},"author":3,"featured_media":50262,"comment_status":"closed","ping_status":"closed","sticky":false,"template":"","format":"standard","meta":{"_joinchat":[],"footnotes":""},"categories":[53],"tags":[],"class_list":{"0":"post-50261","1":"post","2":"type-post","3":"status-publish","4":"format-standard","5":"has-post-thumbnail","7":"category-vera"},"_links":{"self":[{"href":"https:\/\/infovera.com.ar\/web\/wp-json\/wp\/v2\/posts\/50261","targetHints":{"allow":["GET"]}}],"collection":[{"href":"https:\/\/infovera.com.ar\/web\/wp-json\/wp\/v2\/posts"}],"about":[{"href":"https:\/\/infovera.com.ar\/web\/wp-json\/wp\/v2\/types\/post"}],"author":[{"embeddable":true,"href":"https:\/\/infovera.com.ar\/web\/wp-json\/wp\/v2\/users\/3"}],"replies":[{"embeddable":true,"href":"https:\/\/infovera.com.ar\/web\/wp-json\/wp\/v2\/comments?post=50261"}],"version-history":[{"count":0,"href":"https:\/\/infovera.com.ar\/web\/wp-json\/wp\/v2\/posts\/50261\/revisions"}],"wp:featuredmedia":[{"embeddable":true,"href":"https:\/\/infovera.com.ar\/web\/wp-json\/wp\/v2\/media\/50262"}],"wp:attachment":[{"href":"https:\/\/infovera.com.ar\/web\/wp-json\/wp\/v2\/media?parent=50261"}],"wp:term":[{"taxonomy":"category","embeddable":true,"href":"https:\/\/infovera.com.ar\/web\/wp-json\/wp\/v2\/categories?post=50261"},{"taxonomy":"post_tag","embeddable":true,"href":"https:\/\/infovera.com.ar\/web\/wp-json\/wp\/v2\/tags?post=50261"}],"curies":[{"name":"wp","href":"https:\/\/api.w.org\/{rel}","templated":true}]}}