{"id":50229,"date":"2024-02-24T19:37:43","date_gmt":"2024-02-24T22:37:43","guid":{"rendered":"https:\/\/infovera.com.ar\/web\/?p=50229"},"modified":"2024-02-25T15:14:43","modified_gmt":"2024-02-25T18:14:43","slug":"tiago-giansily-se-muda-a-buenos-aires-para-trabajar-en-discapacidad","status":"publish","type":"post","link":"https:\/\/infovera.com.ar\/web\/2024\/02\/24\/tiago-giansily-se-muda-a-buenos-aires-para-trabajar-en-discapacidad\/","title":{"rendered":"Tiago Giansily se muda a Buenos Aires para trabajar en discapacidad"},"content":{"rendered":"<p>El joven dirigente pol\u00edtico verense confirm\u00f3 a InfoVera que fue convocado por Juan Pablo Arenaza, legislador y quien fue jefe de campa\u00f1a de Patricia y Clara Muzzio, vicejefa de Gobierno de la Ciudad, para &#8220;formar parte de sus equipos de trabajo en pos de trabajar en lomejorarle la calidad de vida a las personas con discapacidad en la ciudad&#8221;.<\/p>\n<p>Tiago record\u00f3 que &#8220;esta convocatoria fue iniciada por Patricia Bullrich, con quien sigo en contacto d\u00eda a d\u00eda y formando parte de su equipo de trabajo&#8221;.<\/p>\n<p>Y puso de relieve que &#8220;en lo personal es un honor sumarme a este gran desaf\u00edo, que implica irme a residir a Capital Federal e iniciar una nueva vida all\u00ed&#8221;.<\/p>\n<p>En di\u00e1logo con este medio, formul\u00f3 su compromiso: &#8220;Voy a dar todo de mi, desde all\u00e1, para seguir acompa\u00f1ando a nuestras diferentes autoridades en gestiones con el Gobierno Nacional que beneficien la calidad de vida de los verenses&#8221;.<\/p>\n","protected":false},"excerpt":{"rendered":"<p>El joven dirigente pol\u00edtico verense confirm\u00f3 a InfoVera que fue convocado por Juan Pablo Arenaza, legislador y quien fue jefe de campa\u00f1a de Patricia y Clara Muzzio, vicejefa de Gobierno de la Ciudad, para &#8220;formar parte de sus equipos de trabajo en pos de trabajar en lomejorarle la calidad de vida a las personas con [&hellip;]<\/p>\n","protected":false},"author":3,"featured_media":50230,"comment_status":"closed","ping_status":"closed","sticky":false,"template":"","format":"standard","meta":{"_joinchat":[],"footnotes":""},"categories":[53],"tags":[],"class_list":{"0":"post-50229","1":"post","2":"type-post","3":"status-publish","4":"format-standard","5":"has-post-thumbnail","7":"category-vera"},"_links":{"self":[{"href":"https:\/\/infovera.com.ar\/web\/wp-json\/wp\/v2\/posts\/50229","targetHints":{"allow":["GET"]}}],"collection":[{"href":"https:\/\/infovera.com.ar\/web\/wp-json\/wp\/v2\/posts"}],"about":[{"href":"https:\/\/infovera.com.ar\/web\/wp-json\/wp\/v2\/types\/post"}],"author":[{"embeddable":true,"href":"https:\/\/infovera.com.ar\/web\/wp-json\/wp\/v2\/users\/3"}],"replies":[{"embeddable":true,"href":"https:\/\/infovera.com.ar\/web\/wp-json\/wp\/v2\/comments?post=50229"}],"version-history":[{"count":0,"href":"https:\/\/infovera.com.ar\/web\/wp-json\/wp\/v2\/posts\/50229\/revisions"}],"wp:featuredmedia":[{"embeddable":true,"href":"https:\/\/infovera.com.ar\/web\/wp-json\/wp\/v2\/media\/50230"}],"wp:attachment":[{"href":"https:\/\/infovera.com.ar\/web\/wp-json\/wp\/v2\/media?parent=50229"}],"wp:term":[{"taxonomy":"category","embeddable":true,"href":"https:\/\/infovera.com.ar\/web\/wp-json\/wp\/v2\/categories?post=50229"},{"taxonomy":"post_tag","embeddable":true,"href":"https:\/\/infovera.com.ar\/web\/wp-json\/wp\/v2\/tags?post=50229"}],"curies":[{"name":"wp","href":"https:\/\/api.w.org\/{rel}","templated":true}]}}