{"id":50226,"date":"2024-02-24T11:38:28","date_gmt":"2024-02-24T14:38:28","guid":{"rendered":"https:\/\/infovera.com.ar\/web\/?p=50226"},"modified":"2024-02-25T15:15:30","modified_gmt":"2024-02-25T18:15:30","slug":"brigadistas-de-la-region-contribuyeron-en-el-control-de-incendios-en-la-patagonia","status":"publish","type":"post","link":"https:\/\/infovera.com.ar\/web\/2024\/02\/24\/brigadistas-de-la-region-contribuyeron-en-el-control-de-incendios-en-la-patagonia\/","title":{"rendered":"Brigadistas de la regi\u00f3n contribuyeron en el control de incendios en la Patagonia"},"content":{"rendered":"<p>Los incendios de principios de mes en el Parque Nacional Los Alerces y alrededores encendieron las alarmas de la Coordinaci\u00f3n \u00danica de Operaciones (CUO), encargada de activar la movilizaci\u00f3n ordenada y sistem\u00e1tica del Sistema Nacional de Bomberos Voluntarios. Desde all\u00ed fue notificada la Federaci\u00f3n Santafesina de Asociaciones de Bomberos Voluntarios, quienes seleccionaron una delegaci\u00f3n de brigadistas de la provincia de Santa Fe, la cual viaj\u00f3 el jueves 8 de febrero a Chubut para sumarse a los bomberos que desde hac\u00eda d\u00edas trabajaban combatiendo los incendios forestales en la zona.<\/p>\n<p>Dicho equipo estuvo conformado por 45 especialistas de la Brigada Forestal de la provincia, integrada por Bomberos Zapadores, Bomberos Voluntarios, personal de la Secretar\u00eda de Protecci\u00f3n Civil Forestal, param\u00e9dicos y especialistas en comunicaciones, quienes ese mismo jueves viajaron en un avi\u00f3n H\u00e9rcules de la Fuerza A\u00e9rea.<\/p>\n<p>Entre los convocados se destaca la presencia del Comandante Mayor C\u00e9sar Romano, jefe del cuartel de Bomberos Voluntarios de Reconquista, quien junto a Nicol\u00e1s Cravero y Leandro Maciel de Romang y los zapadores de Vera Diego Cuatr\u00edn, Emilio Bastias, Mario Dubin, Mauro Mathey, y Lorenzo Burgos Azerrad, manifestaron su orgullo por formar parte de una de las mejores Brigadas Forestales del pa\u00eds y aportar su grano de arena para buscar soluciones en tiempos muy apremiantes, y permaneciendo por 10 d\u00edas combatiendo las llamas.<\/p>\n<p>En declaraciones a los medios de prensa, C\u00e9sar Romano detall\u00f3 que \u201cdel sistema de Bomberos Voluntarios fuimos 15 brigadistas, m\u00e1s yo que iba a cargo. Adem\u00e1s, iban 20 bomberos zapadores, y de la brigada de la provincia, que depende de Protecci\u00f3n Civil, iban 10 muchachos. De Reconquista fui solo, convocado por la Jefatura Provincial de Bomberos, por la Federaci\u00f3n Santafesina, a cargo de esa delegaci\u00f3n\u201d.<\/p>\n<p>Sobre las particularidades del trabajo en tierras patag\u00f3nicas, el Jefe de Bomberos de Reconquista expres\u00f3: \u201chicimos base en las inmediaciones de Esquel, cerca del Parque Nacional Los Alerces que fue donde se origin\u00f3 el fuego, aunque no estuvimos en el<\/p>\n<p>Parque. Seg\u00fan lo que nos comentaban ah\u00ed, el incendio fue provocado, incluso hay una recompensa para quien pueda aportar informaci\u00f3n. Y lo de los Alerces es grav\u00edsimo porque son especies de la flora que tardan a\u00f1os en criarse\u2026 adem\u00e1s de toda la fauna que se pierde, porque hay animales que est\u00e1n muy perjudicados. O el mismo clima. Es decir, estuvimos apagando incendios en un paisaje espectacular. Es un lugar espectacular, pero no con humo\u2026 con humo no se ve el paisaje, lamentablemente\u201d.<\/p>\n<p><strong>&#8211; \u00bfC\u00f3mo calificar\u00edas esta experiencia de trabajo en la Patagonia?<\/strong><\/p>\n<p>&#8211; Me fui con mucha expectativa por ver c\u00f3mo iba a ser mi funci\u00f3n en esta emergencia. Y me vuelvo muy contento en el sentido de que considero que estuve al nivel de lo que me pidieron que haga en ese momento. Siempre decimos, somos del norte de Santa Fe, de una provincia que tiene sus problemas, pero hoy vimos que tenemos la misma capacitaci\u00f3n que el mejor brigadista forestal que hay en la naci\u00f3n. Nos mandaron a cubrir un sector que es cerca del R\u00edo Percy, donde ten\u00edamos 500 familias que estaban en riesgo y pudimos defender ese sector y controlarlo. Cuando nos volvimos, lo dejamos en guarda de cenizas. Logramos lo que necesit\u00e1bamos hacer, y eso nos pone muy contentos los brigadistas de la provincia de Santa Fe.<\/p>\n<p><strong>&#8211; \u00bfEn qu\u00e9 consist\u00eda su jornada laboral?<\/strong><\/p>\n<p>&#8211; Nos levant\u00e1bamos a las 5 de la ma\u00f1ana, desayun\u00e1bamos y part\u00edamos hacia el lugar. Est\u00e1bamos en Esquel, en el Ej\u00e9rcito, y de ah\u00ed nos llevaban hasta un sector donde ten\u00edamos que trabajar, contra el R\u00edo Percy, y trabajamos todo el d\u00eda. Los chicos ve\u00edan que estaban cansados, que ten\u00edamos que dar recambio, pero no pod\u00edamos porque no ten\u00edamos gente. Segu\u00edamos trabajando. Tambi\u00e9n ten\u00edamos un doble riesgo, que fue la avispa \u201cchaqueta amarilla\u201d, que nos picaron a varios brigadistas y tuvimos que hacer evacuaci\u00f3n inmediata. Pero en l\u00edneas generales todo el protocolo funcion\u00f3, as\u00ed que estamos muy conformes.<\/p>\n<p><strong>&#8211; \u00bfQu\u00e9 devoluci\u00f3n tuvieron de la gente del lugar sobre su tarea?<\/strong><\/p>\n<p>&#8211; El clima y los paisajes son hermosos, como todos sabemos, pero la gente del lugar tambi\u00e9n. Tuvimos un impacto positivo porque la gente sabe que intentamos ayudar. Nos recib\u00edan con lo poco que ten\u00edan, incluso cuando llegamos a un sector del r\u00edo nos aplaud\u00edan\u2026 fue muy agradecida la gente, y eso es lo que reconforta. Porque cuando un bombero entra a un lugar donde hay fuego y es un lugar desconocido, arriesga la vida. Era peligroso porque ten\u00edamos mucha variante en la topograf\u00eda, y con canales de viento que ac\u00e1 no los tenemos. All\u00e1 los vientos rotaban, nos llegaban de espaldas, por eso siempre deb\u00edamos estar atentos con un vig\u00eda para ver c\u00f3mo estaba el clima, el viento, o cuando en la monta\u00f1a hay nubes es riesgoso por los rayos, etc. Pero pusimos todo de nosotros, como lo hacemos siempre. Sea en la ciudad de Reconquista o alrededores, y esta vez que nos toc\u00f3 ir a otro lugar, con una topograf\u00eda muy diferente, un clima diferente. Gracias a Dios lo hicimos muy bien y tuvimos reconocimiento hasta el mismo gobernador de Chubut.<\/p>\n<figure class=\"image\"><img decoding=\"async\" src=\"https:\/\/norte24cdn.eleco.com.ar\/media\/2024\/02\/bomberos_1.jpg\" alt=\"bomberos\" \/><figcaption>Los bomberos Cravero y Maciel en medio de su intenso trabajo en tierras patag\u00f3nicas. Foto: Bomberos Voluntarios de Romang.<\/figcaption><\/figure>\n<p><strong>Bajo control<\/strong><\/p>\n<p>En la actualidad, los incendios en la zona se encuentran bajo control, aunque se mantiene el despliegue de recursos.<\/p>\n<p>La situaci\u00f3n hoy est\u00e1 controlada, ya que la temperatura, la humedad y las condiciones del tiempo relacionadas con el viento han estado tranquilas; sin rastros de lluvias, pero estable. Lo que quedaba por hacer en el relevo era la guardia de cenizas, que es estar atento a cualquier posible foco, pero ya pr\u00e1cticamente no hab\u00eda posibilidad de re ignici\u00f3n. Igualmente, el personal local y del parque nacional siguen en alerta, informaron las autoridades.<\/p>\n<p>En tanto, medios locales informan que el operativo incluy\u00f3 el despliegue de m\u00e1s de 450 personas, con 300 brigadistas en la l\u00ednea de fuego, as\u00ed como tambi\u00e9n el soporte de medios a\u00e9reos, veh\u00edculos especiales, equipamiento, motobombas forestales, entre otros recursos, que permitieron controlar el siniestro y lograr una marcada ca\u00edda de la actividad en el incendio.<\/p>\n<p>\u201cEl incendio en el Parque Nacional Los Alerces en Chubut est\u00e1 totalmente controlado, luego de casi cuatro semanas de trabajo. Brigadistas realizan guardias de cenizas en un territorio que ronda las 7000 hect\u00e1reas afectadas\u201d. Frase resaltada<\/p>\n<p><strong>Solicitud oficial<\/strong><\/p>\n<p>El gobernador Maximiliano Pullaro orden\u00f3 el 8 de febrero, el env\u00edo de una delegaci\u00f3n de brigadistas de la provincia de Santa Fe a Esquel (provincia de Chubut) para combatir los incendios forestales. Fue el mismo mandatario quien estuvo en el aeropuerto para despedirlos.<\/p>\n<p>La actividad se desarroll\u00f3 en el Aeropuerto de Sauce Viejo donde el gobernador coment\u00f3: &#8220;el ministro del Interior de la Naci\u00f3n Guillermo Francos se comunic\u00f3 conmigo para pedirnos apoyo, y decidimos colaborar con la provincia del sur. Tambi\u00e9n estuve en comunicaci\u00f3n con Ignacio Torres, el gobernador de Chubut, quien tom\u00f3 con mucha satisfacci\u00f3n el aporte solidario que hac\u00eda la provincia de Santa Fe en este momento dif\u00edcil que est\u00e1n viviendo, porque llevan muchos d\u00edas de fuego, de incendio forestal que no est\u00e1n pudiendo controlar hasta el momento&#8221;.<\/p>\n<p>Respecto de la delegaci\u00f3n, Pullaro destacaba: &#8220;nuestros brigadistas son personal con mucha capacitaci\u00f3n, y esperamos tener una colaboraci\u00f3n muy importante en los pr\u00f3ximos d\u00edas para ayudar a sofocar estos incendios&#8221;.<\/p>\n<p>Al mismo tiempo, el secretario de Protecci\u00f3n Civil, Marcos Escajadillo, agreg\u00f3 que &#8220;cuando la emergencia toma una magnitud importante se necesita la asistencia, colaboraci\u00f3n y solidaridad, pero sobre todo la comisi\u00f3n de equipos especializados en incendios forestales, porque no cualquier bombero puede ser brigadista forestal: se<\/p>\n<p>reconoce a los incendios forestales como muy traicioneros, hay un desgaste f\u00edsico muy significativo. Es por eso que todos los brigadistas viajaron con una ficha m\u00e9dica, con un seguro, y con todo el equipamiento, pero sobre todo con lo m\u00e1s importante, que es su capacitaci\u00f3n y entrenamiento&#8221;.<\/p>\n<p><strong>Gerardo Gonz\u00e1lez &#8211; Norte24<\/strong><\/p>\n","protected":false},"excerpt":{"rendered":"<p>Los incendios de principios de mes en el Parque Nacional Los Alerces y alrededores encendieron las alarmas de la Coordinaci\u00f3n \u00danica de Operaciones (CUO), encargada de activar la movilizaci\u00f3n ordenada y sistem\u00e1tica del Sistema Nacional de Bomberos Voluntarios. Desde all\u00ed fue notificada la Federaci\u00f3n Santafesina de Asociaciones de Bomberos Voluntarios, quienes seleccionaron una delegaci\u00f3n de [&hellip;]<\/p>\n","protected":false},"author":3,"featured_media":50227,"comment_status":"closed","ping_status":"closed","sticky":false,"template":"","format":"standard","meta":{"_joinchat":[],"footnotes":""},"categories":[53],"tags":[],"class_list":{"0":"post-50226","1":"post","2":"type-post","3":"status-publish","4":"format-standard","5":"has-post-thumbnail","7":"category-vera"},"_links":{"self":[{"href":"https:\/\/infovera.com.ar\/web\/wp-json\/wp\/v2\/posts\/50226","targetHints":{"allow":["GET"]}}],"collection":[{"href":"https:\/\/infovera.com.ar\/web\/wp-json\/wp\/v2\/posts"}],"about":[{"href":"https:\/\/infovera.com.ar\/web\/wp-json\/wp\/v2\/types\/post"}],"author":[{"embeddable":true,"href":"https:\/\/infovera.com.ar\/web\/wp-json\/wp\/v2\/users\/3"}],"replies":[{"embeddable":true,"href":"https:\/\/infovera.com.ar\/web\/wp-json\/wp\/v2\/comments?post=50226"}],"version-history":[{"count":0,"href":"https:\/\/infovera.com.ar\/web\/wp-json\/wp\/v2\/posts\/50226\/revisions"}],"wp:featuredmedia":[{"embeddable":true,"href":"https:\/\/infovera.com.ar\/web\/wp-json\/wp\/v2\/media\/50227"}],"wp:attachment":[{"href":"https:\/\/infovera.com.ar\/web\/wp-json\/wp\/v2\/media?parent=50226"}],"wp:term":[{"taxonomy":"category","embeddable":true,"href":"https:\/\/infovera.com.ar\/web\/wp-json\/wp\/v2\/categories?post=50226"},{"taxonomy":"post_tag","embeddable":true,"href":"https:\/\/infovera.com.ar\/web\/wp-json\/wp\/v2\/tags?post=50226"}],"curies":[{"name":"wp","href":"https:\/\/api.w.org\/{rel}","templated":true}]}}