{"id":50223,"date":"2024-02-24T10:32:27","date_gmt":"2024-02-24T13:32:27","guid":{"rendered":"https:\/\/infovera.com.ar\/web\/?p=50223"},"modified":"2024-02-24T19:45:58","modified_gmt":"2024-02-24T22:45:58","slug":"provincia-decreto-48-horas-de-duelo-por-el-fallecimiento-del-exgobernador-vernet","status":"publish","type":"post","link":"https:\/\/infovera.com.ar\/web\/2024\/02\/24\/provincia-decreto-48-horas-de-duelo-por-el-fallecimiento-del-exgobernador-vernet\/","title":{"rendered":"Provincia decret\u00f3 48 horas de duelo por el fallecimiento del exgobernador Vernet"},"content":{"rendered":"<p>Con motivo del fallecimiento del exgobernador Jos\u00e9 Mar\u00eda Vernet, el Gobierno de Santa Fe declar\u00f3 48 horas de duelo en todo el territorio provincial, disponi\u00e9ndose adem\u00e1s que las banderas nacional y de la provincia permanezcan a media asta en todos los edificios provinciales durante el per\u00edodo del duelo.<\/p>\n","protected":false},"excerpt":{"rendered":"<p>Con motivo del fallecimiento del exgobernador Jos\u00e9 Mar\u00eda Vernet, el Gobierno de Santa Fe declar\u00f3 48 horas de duelo en todo el territorio provincial, disponi\u00e9ndose adem\u00e1s que las banderas nacional y de la provincia permanezcan a media asta en todos los edificios provinciales durante el per\u00edodo del duelo.<\/p>\n","protected":false},"author":3,"featured_media":50224,"comment_status":"closed","ping_status":"closed","sticky":false,"template":"","format":"standard","meta":{"_joinchat":[],"footnotes":""},"categories":[60],"tags":[],"class_list":{"0":"post-50223","1":"post","2":"type-post","3":"status-publish","4":"format-standard","5":"has-post-thumbnail","7":"category-provinciales"},"_links":{"self":[{"href":"https:\/\/infovera.com.ar\/web\/wp-json\/wp\/v2\/posts\/50223","targetHints":{"allow":["GET"]}}],"collection":[{"href":"https:\/\/infovera.com.ar\/web\/wp-json\/wp\/v2\/posts"}],"about":[{"href":"https:\/\/infovera.com.ar\/web\/wp-json\/wp\/v2\/types\/post"}],"author":[{"embeddable":true,"href":"https:\/\/infovera.com.ar\/web\/wp-json\/wp\/v2\/users\/3"}],"replies":[{"embeddable":true,"href":"https:\/\/infovera.com.ar\/web\/wp-json\/wp\/v2\/comments?post=50223"}],"version-history":[{"count":0,"href":"https:\/\/infovera.com.ar\/web\/wp-json\/wp\/v2\/posts\/50223\/revisions"}],"wp:featuredmedia":[{"embeddable":true,"href":"https:\/\/infovera.com.ar\/web\/wp-json\/wp\/v2\/media\/50224"}],"wp:attachment":[{"href":"https:\/\/infovera.com.ar\/web\/wp-json\/wp\/v2\/media?parent=50223"}],"wp:term":[{"taxonomy":"category","embeddable":true,"href":"https:\/\/infovera.com.ar\/web\/wp-json\/wp\/v2\/categories?post=50223"},{"taxonomy":"post_tag","embeddable":true,"href":"https:\/\/infovera.com.ar\/web\/wp-json\/wp\/v2\/tags?post=50223"}],"curies":[{"name":"wp","href":"https:\/\/api.w.org\/{rel}","templated":true}]}}