{"id":50206,"date":"2024-02-23T10:41:41","date_gmt":"2024-02-23T13:41:41","guid":{"rendered":"https:\/\/infovera.com.ar\/web\/?p=50206"},"modified":"2024-02-23T18:19:34","modified_gmt":"2024-02-23T21:19:34","slug":"sosa-con-la-ministra-susana-rueda","status":"publish","type":"post","link":"https:\/\/infovera.com.ar\/web\/2024\/02\/23\/sosa-con-la-ministra-susana-rueda\/","title":{"rendered":"Sosa con la ministra Susana Rueda"},"content":{"rendered":"<div class=\"x11i5rnm xat24cr x1mh8g0r x1vvkbs xtlvy1s x126k92a\">\n<div dir=\"auto\">El senador Osvaldo Sosa junto a sus pares de bloque se reunieron con la Ministra de Cultura, Susana Rueda, en el marco de la Comisi\u00f3n de Cultura y Comunicaci\u00f3n Social que funciona en la C\u00e1mara de Senadores.<\/div>\n<\/div>\n<div class=\"x11i5rnm xat24cr x1mh8g0r x1vvkbs xtlvy1s x126k92a\">\n<div dir=\"auto\"><\/div>\n<div dir=\"auto\">En la reuni\u00f3n se expusieron los lineamientos pol\u00edticos sobre la gesti\u00f3n cultural del Poder Ejecutivo, como as\u00ed tambi\u00e9n los distintos proyectos e iniciativas territoriales de los senadores, que tendr\u00e1n tambi\u00e9n como grandes protagonistas a los municipios y comunas de cada departamento, expres\u00f3 el legislador.<\/div>\n<\/div>\n<div class=\"x11i5rnm xat24cr x1mh8g0r x1vvkbs xtlvy1s x126k92a\">\n<div dir=\"auto\"><\/div>\n<div dir=\"auto\">&#8220;Quiero agradecer la predisposici\u00f3n y el dialogo abierto de la ministra, que seguramente esa forma de construir, impactara de buena manera en nuestras culturas&#8221;, concluy\u00f3.<\/div>\n<\/div>\n","protected":false},"excerpt":{"rendered":"<p>El senador Osvaldo Sosa junto a sus pares de bloque se reunieron con la Ministra de Cultura, Susana Rueda, en el marco de la Comisi\u00f3n de Cultura y Comunicaci\u00f3n Social que funciona en la C\u00e1mara de Senadores. En la reuni\u00f3n se expusieron los lineamientos pol\u00edticos sobre la gesti\u00f3n cultural del Poder Ejecutivo, como as\u00ed tambi\u00e9n [&hellip;]<\/p>\n","protected":false},"author":3,"featured_media":50209,"comment_status":"closed","ping_status":"closed","sticky":false,"template":"","format":"standard","meta":{"_joinchat":[],"footnotes":""},"categories":[53],"tags":[],"class_list":{"0":"post-50206","1":"post","2":"type-post","3":"status-publish","4":"format-standard","5":"has-post-thumbnail","7":"category-vera"},"_links":{"self":[{"href":"https:\/\/infovera.com.ar\/web\/wp-json\/wp\/v2\/posts\/50206","targetHints":{"allow":["GET"]}}],"collection":[{"href":"https:\/\/infovera.com.ar\/web\/wp-json\/wp\/v2\/posts"}],"about":[{"href":"https:\/\/infovera.com.ar\/web\/wp-json\/wp\/v2\/types\/post"}],"author":[{"embeddable":true,"href":"https:\/\/infovera.com.ar\/web\/wp-json\/wp\/v2\/users\/3"}],"replies":[{"embeddable":true,"href":"https:\/\/infovera.com.ar\/web\/wp-json\/wp\/v2\/comments?post=50206"}],"version-history":[{"count":0,"href":"https:\/\/infovera.com.ar\/web\/wp-json\/wp\/v2\/posts\/50206\/revisions"}],"wp:featuredmedia":[{"embeddable":true,"href":"https:\/\/infovera.com.ar\/web\/wp-json\/wp\/v2\/media\/50209"}],"wp:attachment":[{"href":"https:\/\/infovera.com.ar\/web\/wp-json\/wp\/v2\/media?parent=50206"}],"wp:term":[{"taxonomy":"category","embeddable":true,"href":"https:\/\/infovera.com.ar\/web\/wp-json\/wp\/v2\/categories?post=50206"},{"taxonomy":"post_tag","embeddable":true,"href":"https:\/\/infovera.com.ar\/web\/wp-json\/wp\/v2\/tags?post=50206"}],"curies":[{"name":"wp","href":"https:\/\/api.w.org\/{rel}","templated":true}]}}