{"id":50143,"date":"2024-02-20T17:23:02","date_gmt":"2024-02-20T20:23:02","guid":{"rendered":"https:\/\/infovera.com.ar\/web\/?p=50143"},"modified":"2024-02-21T17:16:06","modified_gmt":"2024-02-21T20:16:06","slug":"el-ministro-puccini-encabezo-un-encuentro-en-las-gamas","status":"publish","type":"post","link":"https:\/\/infovera.com.ar\/web\/2024\/02\/20\/el-ministro-puccini-encabezo-un-encuentro-en-las-gamas\/","title":{"rendered":"El ministro Puccini encabez\u00f3 un encuentro en Las Gamas"},"content":{"rendered":"<p>Se trat\u00f3 de la primera visita del funcionario y su equipo al lugar donde funciona un Centro Operativo con una base de investigaci\u00f3n gen\u00e9tica.<\/p>\n<p>El ministro de Desarrollo Productivo, Gustavo Puccini, estuvo acompa\u00f1ado por el secretario de Agricultura y Ganader\u00eda, Ignacio M\u00e1ntaras, el Director de vinculaci\u00f3n con municipios y comunas, Federico Carballeira y Facundo Ferraris, referente norte\u00f1o del ministerio.<\/p>\n<p>Entre las instituciones invitadas a participar de esta primera reuni\u00f3n de trabajo estuvo la Sociedad Rural de Vera representada por Carlos Perone y Sebasti\u00e1n Volkart, presidente y vice de la entidad, quienes pudieron expresar sus inquietudes \u00a0describiendo la situaci\u00f3n decadente del departamento Vera, fundamentalmente en su infraestructura vial, tanto en los caminos rurales como en las rutas provinciales.<\/p>\n<p>En este sentido tambi\u00e9n los dirigentes detallaron los problemas que soportan los productores en cuanto \u00a0la electrificaci\u00f3n rural y la falta de conectividad.<\/p>\n<p>Dos temas que no pod\u00edan estar ausentes y fueron expuestos en la reuni\u00f3n se refirieron a los Bajos Submeridionales y la necesidad de encarar con decisi\u00f3n\u00a0 la seguridad en el \u00e1mbito rural.<\/p>\n<p>Por \u00faltimo, se fundament\u00f3 la necesidad de recuperar el funcionamiento de la Asociaci\u00f3n para el Desarrollo del Departamento Vera, como una herramienta v\u00e1lida para financiar el desarrollo productivo de la regi\u00f3n.<\/p>\n<p>Letyana Press<\/p>\n","protected":false},"excerpt":{"rendered":"<p>Se trat\u00f3 de la primera visita del funcionario y su equipo al lugar donde funciona un Centro Operativo con una base de investigaci\u00f3n gen\u00e9tica. El ministro de Desarrollo Productivo, Gustavo Puccini, estuvo acompa\u00f1ado por el secretario de Agricultura y Ganader\u00eda, Ignacio M\u00e1ntaras, el Director de vinculaci\u00f3n con municipios y comunas, Federico Carballeira y Facundo Ferraris, [&hellip;]<\/p>\n","protected":false},"author":3,"featured_media":50144,"comment_status":"closed","ping_status":"closed","sticky":false,"template":"","format":"standard","meta":{"_joinchat":[],"footnotes":""},"categories":[53],"tags":[],"class_list":{"0":"post-50143","1":"post","2":"type-post","3":"status-publish","4":"format-standard","5":"has-post-thumbnail","7":"category-vera"},"_links":{"self":[{"href":"https:\/\/infovera.com.ar\/web\/wp-json\/wp\/v2\/posts\/50143","targetHints":{"allow":["GET"]}}],"collection":[{"href":"https:\/\/infovera.com.ar\/web\/wp-json\/wp\/v2\/posts"}],"about":[{"href":"https:\/\/infovera.com.ar\/web\/wp-json\/wp\/v2\/types\/post"}],"author":[{"embeddable":true,"href":"https:\/\/infovera.com.ar\/web\/wp-json\/wp\/v2\/users\/3"}],"replies":[{"embeddable":true,"href":"https:\/\/infovera.com.ar\/web\/wp-json\/wp\/v2\/comments?post=50143"}],"version-history":[{"count":0,"href":"https:\/\/infovera.com.ar\/web\/wp-json\/wp\/v2\/posts\/50143\/revisions"}],"wp:featuredmedia":[{"embeddable":true,"href":"https:\/\/infovera.com.ar\/web\/wp-json\/wp\/v2\/media\/50144"}],"wp:attachment":[{"href":"https:\/\/infovera.com.ar\/web\/wp-json\/wp\/v2\/media?parent=50143"}],"wp:term":[{"taxonomy":"category","embeddable":true,"href":"https:\/\/infovera.com.ar\/web\/wp-json\/wp\/v2\/categories?post=50143"},{"taxonomy":"post_tag","embeddable":true,"href":"https:\/\/infovera.com.ar\/web\/wp-json\/wp\/v2\/tags?post=50143"}],"curies":[{"name":"wp","href":"https:\/\/api.w.org\/{rel}","templated":true}]}}