{"id":50096,"date":"2024-02-19T11:16:19","date_gmt":"2024-02-19T14:16:19","guid":{"rendered":"https:\/\/infovera.com.ar\/web\/?p=50096"},"modified":"2024-02-19T11:16:19","modified_gmt":"2024-02-19T14:16:19","slug":"sigue-vivo-el-carnaval-y-es-de-la-gente","status":"publish","type":"post","link":"https:\/\/infovera.com.ar\/web\/2024\/02\/19\/sigue-vivo-el-carnaval-y-es-de-la-gente\/","title":{"rendered":"&#8220;\u00a1Sigue vivo el Carnaval!\u2026 y es de la gente\u201d"},"content":{"rendered":"<p>\u201c&#8230;El carnaval, cuenta la leyenda, siempre fue una respuesta desconsiderada hacia aquellos que pretend\u00edan encorsetar a la sociedad. Cuando la alegr\u00eda se democratiza. La fiesta de todos. El carnaval marca el calendario como pocas fechas, pese a que el a\u00f1o reci\u00e9n se est\u00e1 desperezando&#8230;&#8221;<\/p>\n<p><strong>Por Sergio &#8220;Chiqui&#8221; Rojas (*)<\/strong><\/p>\n<p>Todos los pueblos tienen un festejo tradicional. En Vera, los carnavales son mucho m\u00e1s que una fiesta o una tradici\u00f3n, y eso no es f\u00e1cil de entender para quienes no viven por ac\u00e1.<\/p>\n<p>Dejame que te lo explique con este ejemplo: \u00bfte acord\u00e1s de los festejos de Argentina campe\u00f3n mundial en 2022? Bueno, as\u00ed! \u00bfTe parece exagerado? Record\u00e1 cuanto lo so\u00f1aste, lo imaginaste, te preparaste para ese momento, y la alegr\u00eda que sentiste ese d\u00eda, la emoci\u00f3n compartida con miles de conocidos y desconocidos. Para nosotros los verenses las noches de carnaval se asemejan a ese momento, es la culminaci\u00f3n de un a\u00f1o entero de trabajo y preparaci\u00f3n.<\/p>\n<p>Es la fiesta popular mas arraigada de nuestra comunidad, no tenemos otra celebraci\u00f3n igual que genere semejante sentido de pertenencia, no solo a quienes participan directa y activamente, como las familias comparseras, que se preparan con un compromiso a prueba de todo, sino en quienes como yo, somos espectadores de cada a\u00f1o.<\/p>\n<p>Hoy domingo, luego de la ultima noche y despu\u00e9s de que en diciembre se haya puesto en duda su realizaci\u00f3n, tenemos que celebrar que la edici\u00f3n 2024 fue un \u00e9xito total!<br \/>\nLa gente siempre estuvo convencida de que, a pesar de los momentos dif\u00edciles que vive el pa\u00eds, hab\u00eda que hacer todo el esfuerzo posible para darle continuidad a esta fiesta. Y as\u00ed fue. No solo lo manifestaron las comparsas y todas las personas que est\u00e1n detr\u00e1s de ellas, sino que desde el sector privado creyeron posible trabajar para \u201cque no se apague el Carnaval\u201d e hicieron una propuesta que dio resultados positivos para toda la ciudad.<\/p>\n<p>La Cultura no es un gasto, es inversi\u00f3n, genera de puestos de trabajo, mueve la econom\u00eda.<\/p>\n<p>En estos tiempos donde se intenta poner en duda esto, la realidad demuestra lo contrario. Hace unos d\u00edas, la concejala Ana Paula Capello exhibi\u00f3 los n\u00fameros que fundamentan el beneficio que derrama el carnaval en toda la ciudad, dinamizando todos los sectores de la econom\u00eda.<\/p>\n<p>Tambi\u00e9n es necesario reconocer que no todos pudieron disfrutar del espect\u00e1culo, por lo que significa cualquier gasto para la economia familiar hoy en d\u00eda y por esa raz\u00f3n, es el momento adecuado para debatir y hacer propuestas sobre c\u00f3mo llegar a esas personas.<\/p>\n<p>En sus 50 a\u00f1os de historia han pasado muchos gobiernos y dirigentes pol\u00edtico pero estoy convencido que el Carnaval es de la gente, del Pueblo Verense y por eso todos los que cumplimos funciones p\u00fablicas debemos velar porque siga creciendo y nunca deje de ser VERA, EL CARNAVAL DE SANTA FE. Es parte de nosotros, de nuestra identidad, y es nuestra responsabilidad mantenerlo vivo. Las personas pasan, pero los carnavales quedar\u00e1n.<\/p>\n<p>Por todo lo mencionado, felicito y valoro el esfuerzo y compromiso realizado por las comparsas: Ferrumb\u00e1, Bambita, Unidos del Samba, AeroSamba, VeraSamba y tambi\u00e9n Paraver\u00e1; el personal municipal que brind\u00f3 la log\u00edstica y especialmente a Fede Suarez y Beto de las empresas de sonido Mute y Meat por la gran apuesta realizada.<\/p>\n<p><strong>(*) Diputado provincial<\/strong><\/p>\n","protected":false},"excerpt":{"rendered":"<p>\u201c&#8230;El carnaval, cuenta la leyenda, siempre fue una respuesta desconsiderada hacia aquellos que pretend\u00edan encorsetar a la sociedad. Cuando la alegr\u00eda se democratiza. La fiesta de todos. El carnaval marca el calendario como pocas fechas, pese a que el a\u00f1o reci\u00e9n se est\u00e1 desperezando&#8230;&#8221; Por Sergio &#8220;Chiqui&#8221; Rojas (*) Todos los pueblos tienen un festejo [&hellip;]<\/p>\n","protected":false},"author":3,"featured_media":50097,"comment_status":"closed","ping_status":"closed","sticky":false,"template":"","format":"standard","meta":{"_joinchat":[],"footnotes":""},"categories":[53],"tags":[],"class_list":{"0":"post-50096","1":"post","2":"type-post","3":"status-publish","4":"format-standard","5":"has-post-thumbnail","7":"category-vera"},"_links":{"self":[{"href":"https:\/\/infovera.com.ar\/web\/wp-json\/wp\/v2\/posts\/50096","targetHints":{"allow":["GET"]}}],"collection":[{"href":"https:\/\/infovera.com.ar\/web\/wp-json\/wp\/v2\/posts"}],"about":[{"href":"https:\/\/infovera.com.ar\/web\/wp-json\/wp\/v2\/types\/post"}],"author":[{"embeddable":true,"href":"https:\/\/infovera.com.ar\/web\/wp-json\/wp\/v2\/users\/3"}],"replies":[{"embeddable":true,"href":"https:\/\/infovera.com.ar\/web\/wp-json\/wp\/v2\/comments?post=50096"}],"version-history":[{"count":0,"href":"https:\/\/infovera.com.ar\/web\/wp-json\/wp\/v2\/posts\/50096\/revisions"}],"wp:featuredmedia":[{"embeddable":true,"href":"https:\/\/infovera.com.ar\/web\/wp-json\/wp\/v2\/media\/50097"}],"wp:attachment":[{"href":"https:\/\/infovera.com.ar\/web\/wp-json\/wp\/v2\/media?parent=50096"}],"wp:term":[{"taxonomy":"category","embeddable":true,"href":"https:\/\/infovera.com.ar\/web\/wp-json\/wp\/v2\/categories?post=50096"},{"taxonomy":"post_tag","embeddable":true,"href":"https:\/\/infovera.com.ar\/web\/wp-json\/wp\/v2\/tags?post=50096"}],"curies":[{"name":"wp","href":"https:\/\/api.w.org\/{rel}","templated":true}]}}