{"id":50081,"date":"2024-02-18T13:50:47","date_gmt":"2024-02-18T16:50:47","guid":{"rendered":"https:\/\/infovera.com.ar\/web\/?p=50081"},"modified":"2024-02-18T13:50:47","modified_gmt":"2024-02-18T16:50:47","slug":"la-encefalitis-equina-del-oeste-se-podra-detectar-en-laboratorios-publicos-de-la-provincia","status":"publish","type":"post","link":"https:\/\/infovera.com.ar\/web\/2024\/02\/18\/la-encefalitis-equina-del-oeste-se-podra-detectar-en-laboratorios-publicos-de-la-provincia\/","title":{"rendered":"La Encefalitis Equina del Oeste se podr\u00e1 detectar en laboratorios p\u00fablicos de la Provincia"},"content":{"rendered":"<p>Se trata de un importante avance para la salud p\u00fablica santafesina ya que en el sur de la Provincia funcionar\u00e1 la primera Unidad Centinela del pa\u00eds para estudiar la circulaci\u00f3n del virus. En este marco, el Instituto Nacional Maiztegui transfiri\u00f3 tecnolog\u00eda al Laboratorio del Cemar de Rosario.<\/p>\n<p>La Provincia de Santa Fe podr\u00e1 analizar muestras de posibles casos de Encefalitis Equina del Oeste, a partir de un trabajo conjunto con el Instituto Nacional de Enfermedades Virales Humanas (Inevh) \u201cDr. Julio I. Maiztegui\u201d del Malbr\u00e1n.<\/p>\n<p>Se trata de una valiosa novedad cient\u00edfica para la salud p\u00fablica santafesina ya que hasta el momento los diagn\u00f3sticos de la provincia se confirmaban en ese instituto nacional, ubicado en Pergamino. De este modo, el primer laboratorio del pa\u00eds en recibir la metodolog\u00eda para la detecci\u00f3n de la enfermedad, es el que pertenece al Centro de Especialidades M\u00e9dicas Ambulatorias Rosario (Cemar), de Rosario, y forma parte de la Red de Laboratorios de la provincia de Santa Fe.<\/p>\n<p><strong>Innovaci\u00f3n y salud p\u00fablica<\/strong><\/p>\n<p>La transferencia se produjo a partir de la decisi\u00f3n de los ministerios de Salud de la Provincia y de Naci\u00f3n, de conformar una Unidad Centinela en Venado Tuerto, con el Hospital Provincial \u201cDr. Alejandro Guti\u00e9rrez\u201d como efector de referencia. All\u00ed se seguir\u00e1 la vigilancia epidemiol\u00f3gica de casos que se asistan con cuadros cl\u00ednicos compatibles con la enfermedad, tanto en efectores p\u00fablicos, privados o de la seguridad social; y se complementar\u00e1 con vigilancia de posibles reservorios del mosquito que transmite el virus. Vale recordar que desde la puesta en marcha de la vigilancia epidemiol\u00f3gica el 28 de noviembre, se confirmaron 69 personas contagiadas al Sistema Nacional de Vigilancia de la Salud. En la provincia de Santa Fe son 16 los casos confirmados y fallecieron dos personas que presentaban comorbilidades.<\/p>\n<p>En este marco se acord\u00f3 con Salud P\u00fablica de la Municipalidad de Rosario para que se realicen las pruebas de laboratorio en el Cemar, en base a la larga experiencia y por su capacidad para desarrollar todas las t\u00e9cnicas complementarias para el diagn\u00f3stico diferencial respecto de otros virus que se pueden presentar con cuadros cl\u00ednicos compatibles.<\/p>\n<p>Tambi\u00e9n se tuvieron en cuenta criterios de log\u00edstica para el traslado de muestras que, por protocolo, en una primera etapa ser\u00e1n analizados en el laboratorio santafesino y luego enviadas al Instituto Maiztegui para reconfirmar los resultados. As\u00ed lo inform\u00f3 el director provincial de la Red de Laboratorios P\u00fablicos, Eduardo Anchart, quien anticip\u00f3 que \u201cotros laboratorios que est\u00e9n en condiciones de hacerlo, como el Laboratorio Central de Santa Fe, podr\u00e1n recibir la transferencia tecnol\u00f3gica para avanzar en una descentralizaci\u00f3n de la detecci\u00f3n, teniendo en cuenta tambi\u00e9n la distribuci\u00f3n geogr\u00e1fica del virus\u201d.<\/p>\n<p>\u201cDesde que se declar\u00f3 la alerta por esta enfermedad emergente, la salud p\u00fablica de Provincia est\u00e1 presente, articulando con otros ministerios y organismos, que es la manera de trabajar que nos piden el gobernador Maximiliano Pullaro y la ministra de Salud, Silvia Ciancio\u201d, destac\u00f3 el funcionario, quien record\u00f3 que la primera persona contagiada en el pa\u00eds con el virus se diagnostic\u00f3 en el departamento General Obligado, a partir de la atenci\u00f3n en efectores p\u00fablicos de la provincia.<\/p>\n<p><strong>Transferencia y etapas<\/strong><\/p>\n<p>Victoria Luppo, bioqu\u00edmica a cargo de la Divisi\u00f3n Virolog\u00eda e Inmunolog\u00eda en Inevh, estuvo en Rosario para coordinar la transferencia de las t\u00e9cnicas desarrolladas en el laboratorio nacional; y en ese sentido destac\u00f3 que \u201cel Cemar ya viene trabajando en la red de laboratorios para el diagn\u00f3stico de dengue y otros parvovirus en la metodolog\u00eda \u2018in house\u2019, que es muy vers\u00e1til y se puede adaptar a nuevos virus como la Encefalitis Equina del Oeste, con reactivos espec\u00edficos para detectar anticuerpos IgM, aprovechando tambi\u00e9n la instalaci\u00f3n de una Unidad Centinela en la regi\u00f3n\u201d.<\/p>\n<p>Tambi\u00e9n anticip\u00f3 que \u201cpor el momento se van a analizar muestras de humanos, pero tambi\u00e9n se podr\u00e1n muestrear equinos, como lo venimos haciendo desde el Instituto desde el inicio del brote, colaborando con Senasa\u201d.<\/p>\n<p>Por su parte, Silvia Calatayud, Jefa de \u00e1rea de Inmunoensayos Especiales de la Secretar\u00eda de Salud P\u00fablica de la Municipalidad de Rosario expres\u00f3 que la metodolog\u00eda para detectar Encefalitis Equina del Oeste se suma a otras serolog\u00edas que realizan: \u201cEl trabajo que se har\u00e1 desde el Laboratorio, sumado al hecho de contar con una Unidad Centinela en la regi\u00f3n, va a permitir intensificar la vigilancia y aportar a las acciones preventivas a trav\u00e9s de un mayor conocimiento de este brote de la enfermedad\u201d, remarc\u00f3.<\/p>\n","protected":false},"excerpt":{"rendered":"<p>Se trata de un importante avance para la salud p\u00fablica santafesina ya que en el sur de la Provincia funcionar\u00e1 la primera Unidad Centinela del pa\u00eds para estudiar la circulaci\u00f3n del virus. En este marco, el Instituto Nacional Maiztegui transfiri\u00f3 tecnolog\u00eda al Laboratorio del Cemar de Rosario. La Provincia de Santa Fe podr\u00e1 analizar muestras [&hellip;]<\/p>\n","protected":false},"author":3,"featured_media":50082,"comment_status":"closed","ping_status":"closed","sticky":false,"template":"","format":"standard","meta":{"_joinchat":[],"footnotes":""},"categories":[60],"tags":[],"class_list":{"0":"post-50081","1":"post","2":"type-post","3":"status-publish","4":"format-standard","5":"has-post-thumbnail","7":"category-provinciales"},"_links":{"self":[{"href":"https:\/\/infovera.com.ar\/web\/wp-json\/wp\/v2\/posts\/50081","targetHints":{"allow":["GET"]}}],"collection":[{"href":"https:\/\/infovera.com.ar\/web\/wp-json\/wp\/v2\/posts"}],"about":[{"href":"https:\/\/infovera.com.ar\/web\/wp-json\/wp\/v2\/types\/post"}],"author":[{"embeddable":true,"href":"https:\/\/infovera.com.ar\/web\/wp-json\/wp\/v2\/users\/3"}],"replies":[{"embeddable":true,"href":"https:\/\/infovera.com.ar\/web\/wp-json\/wp\/v2\/comments?post=50081"}],"version-history":[{"count":0,"href":"https:\/\/infovera.com.ar\/web\/wp-json\/wp\/v2\/posts\/50081\/revisions"}],"wp:featuredmedia":[{"embeddable":true,"href":"https:\/\/infovera.com.ar\/web\/wp-json\/wp\/v2\/media\/50082"}],"wp:attachment":[{"href":"https:\/\/infovera.com.ar\/web\/wp-json\/wp\/v2\/media?parent=50081"}],"wp:term":[{"taxonomy":"category","embeddable":true,"href":"https:\/\/infovera.com.ar\/web\/wp-json\/wp\/v2\/categories?post=50081"},{"taxonomy":"post_tag","embeddable":true,"href":"https:\/\/infovera.com.ar\/web\/wp-json\/wp\/v2\/tags?post=50081"}],"curies":[{"name":"wp","href":"https:\/\/api.w.org\/{rel}","templated":true}]}}