{"id":50071,"date":"2024-02-18T13:31:55","date_gmt":"2024-02-18T16:31:55","guid":{"rendered":"https:\/\/infovera.com.ar\/web\/?p=50071"},"modified":"2024-02-18T15:14:04","modified_gmt":"2024-02-18T18:14:04","slug":"reiteran-pedido-de-paradero-de-un-hombre-de-vera-que-falta-de-su-hogar-desde-navidad","status":"publish","type":"post","link":"https:\/\/infovera.com.ar\/web\/2024\/02\/18\/reiteran-pedido-de-paradero-de-un-hombre-de-vera-que-falta-de-su-hogar-desde-navidad\/","title":{"rendered":"Reiteran pedido de paradero de un hombre de Vera que falta de su hogar desde Navidad"},"content":{"rendered":"<p>La Unidad Regional XIX repiti\u00f3 hoy el pedido de paradero de Leandro Fabi\u00e1n Albarenga, de 38 a\u00f1os.<\/p>\n<p>Una familiar de esta persona radic\u00f3 una denuncia por ausencia del hogar.<\/p>\n<p>En la exposici\u00f3n dio cuenta que se habr\u00eda ido a la ciudad de P\u00e9rez, en el sur provincial, el 25 de diciembre pasado, y que la \u00faltima comunicaci\u00f3n con su familia fue el 4 de febrero a las 16:30.<\/p>\n<p>Desde ese d\u00eda no volvi\u00f3 a tomar contacto con sus familiares de Vera, quienes lo llamaron varias veces pero el celular daba apagado.<\/p>\n<p>Al momento de irse de esta ciudad llevaba un bolso de color rojo y negro, vest\u00eda una remera mangas cortas de color gris y una gorra de color lila y blanco marca Nike y un jean y zapatillas de color gris.<\/p>\n<p>Albarenga es contextura delgada, de aproximadamente 1.68 mt de altura, de pelo corto con canas, de tez oscura y ojos marrones oscuros, no posee tatuajes, no posee percing, no posee discapacidad alguna,<\/p>\n<p>Ante cualquier informaci\u00f3n comunicarse a los tel\u00e9fonos 03483 420004\/ Emergencias 101; y\/o comisar\u00eda m\u00e1s cercana .Se prosiguen diligencias.<\/p>\n","protected":false},"excerpt":{"rendered":"<p>La Unidad Regional XIX repiti\u00f3 hoy el pedido de paradero de Leandro Fabi\u00e1n Albarenga, de 38 a\u00f1os. Una familiar de esta persona radic\u00f3 una denuncia por ausencia del hogar. En la exposici\u00f3n dio cuenta que se habr\u00eda ido a la ciudad de P\u00e9rez, en el sur provincial, el 25 de diciembre pasado, y que la [&hellip;]<\/p>\n","protected":false},"author":3,"featured_media":50072,"comment_status":"closed","ping_status":"closed","sticky":false,"template":"","format":"standard","meta":{"_joinchat":[],"footnotes":""},"categories":[1],"tags":[],"class_list":{"0":"post-50071","1":"post","2":"type-post","3":"status-publish","4":"format-standard","5":"has-post-thumbnail","7":"category-sin-categoria"},"_links":{"self":[{"href":"https:\/\/infovera.com.ar\/web\/wp-json\/wp\/v2\/posts\/50071","targetHints":{"allow":["GET"]}}],"collection":[{"href":"https:\/\/infovera.com.ar\/web\/wp-json\/wp\/v2\/posts"}],"about":[{"href":"https:\/\/infovera.com.ar\/web\/wp-json\/wp\/v2\/types\/post"}],"author":[{"embeddable":true,"href":"https:\/\/infovera.com.ar\/web\/wp-json\/wp\/v2\/users\/3"}],"replies":[{"embeddable":true,"href":"https:\/\/infovera.com.ar\/web\/wp-json\/wp\/v2\/comments?post=50071"}],"version-history":[{"count":0,"href":"https:\/\/infovera.com.ar\/web\/wp-json\/wp\/v2\/posts\/50071\/revisions"}],"wp:featuredmedia":[{"embeddable":true,"href":"https:\/\/infovera.com.ar\/web\/wp-json\/wp\/v2\/media\/50072"}],"wp:attachment":[{"href":"https:\/\/infovera.com.ar\/web\/wp-json\/wp\/v2\/media?parent=50071"}],"wp:term":[{"taxonomy":"category","embeddable":true,"href":"https:\/\/infovera.com.ar\/web\/wp-json\/wp\/v2\/categories?post=50071"},{"taxonomy":"post_tag","embeddable":true,"href":"https:\/\/infovera.com.ar\/web\/wp-json\/wp\/v2\/tags?post=50071"}],"curies":[{"name":"wp","href":"https:\/\/api.w.org\/{rel}","templated":true}]}}