{"id":50035,"date":"2024-02-15T17:47:58","date_gmt":"2024-02-15T20:47:58","guid":{"rendered":"https:\/\/infovera.com.ar\/web\/?p=50035"},"modified":"2024-02-15T17:47:58","modified_gmt":"2024-02-15T20:47:58","slug":"sindicatos-estatales-de-la-provincia-entregaron-una-declaracion-conjunta-al-ministro-de-trabajo","status":"publish","type":"post","link":"https:\/\/infovera.com.ar\/web\/2024\/02\/15\/sindicatos-estatales-de-la-provincia-entregaron-una-declaracion-conjunta-al-ministro-de-trabajo\/","title":{"rendered":"Sindicatos estatales de la provincia entregaron una declaraci\u00f3n conjunta al Ministro de Trabajo"},"content":{"rendered":"<p>En la ma\u00f1ana de hoy, jueves 15 de febrero de 2024, AMSAFE particip\u00f3, en el marco del Frente de Sindicatos Estatales de la Provincia de Santa Fe, de la presentaci\u00f3n ante el Ministerio de Trabajo de la Provincia de una declaraci\u00f3n conjunta frente a las definiciones pol\u00edticas y econ\u00f3micas del Gobierno Nacional de Javier Milei, y ante el &#8220;incumplimiento de los acuerdos paritarios 2023 por parte del Gobierno Provincial&#8221;.<\/p>\n<p>La convocatoria fue de las centrales CGT Regional Santa Fe y CTA Provincia Santa Fe, junto a los sindicatos que nuclean a trabajadoras y trabajadores estatales de la provincia.<\/p>\n<p>Estuvieron presentes AMRA, AMSAFE, APEL, ASPI, ATE, FESTRAM, Luz y Fuerza, Obras Sanitarias, Personal del T\u00fanel Subfluvial, SADOP, SIPRUS, SITRAJU, VIALES Provinciales.<\/p>\n<p>En una gran muestra de unidad, un important\u00edsimo n\u00famero de trabajadoras y trabajadores de estas organizaciones se movilizaron a la sede laboral, donde tras la presentaci\u00f3n de la declaraci\u00f3n, se llev\u00f3 a cabo un acto en el que tomaron la palabra para dar lectura de documento representantes de cada una de las organizaciones presentes (se adjunta en la galer\u00eda y PDF el documento con los firmantes).<\/p>\n<p>Rodrigo Alonso, secretario general de AMSAFE en conferencia de prensa expres\u00f3: \u201cLo que es necesario es que el gobierno, y en este caso el gobierno nacional, modifique la pol\u00edtica. Porque ac\u00e1 hay una decisi\u00f3n pol\u00edtica. La decisi\u00f3n pol\u00edtica del gobierno nacional es de no enviar fondos, de no convocar a la paritaria y darle la espalda a la educaci\u00f3n p\u00fablica. Lo que estamos exigiendo no es solamente el cumplimiento del Fondo Nacional de Incentivo, estamos exigiendo que se modifique la pol\u00edtica, que se convoque a la paritaria nacional, que env\u00eden los fondos nacionales, como as\u00ed tambi\u00e9n esperamos que en los primeros d\u00edas de la pr\u00f3xima semana, el gobierno de la provincia presente una propuesta, y que esa propuesta no solamente d\u00e9 cuenta de la deuda del 2023, sino que tambi\u00e9n d\u00e9 cuenta de las necesidades que tenemos los trabajadores para mejorar el poder adquisitivo del salario.\u201d<\/p>\n<p>En el cierre Jos\u00e9 Testoni, secretario general de CTA Santa Fe, sostuvo la necesidad de \u201cponer el m\u00e1ximo de los esfuerzos para luchar en unidad, con coordinaci\u00f3n nacional y multisectorial, contra las pol\u00edticas de ajuste que atentan contra los derechos de las trabajadoras y los trabajadores\u201d.<\/p>\n","protected":false},"excerpt":{"rendered":"<p>En la ma\u00f1ana de hoy, jueves 15 de febrero de 2024, AMSAFE particip\u00f3, en el marco del Frente de Sindicatos Estatales de la Provincia de Santa Fe, de la presentaci\u00f3n ante el Ministerio de Trabajo de la Provincia de una declaraci\u00f3n conjunta frente a las definiciones pol\u00edticas y econ\u00f3micas del Gobierno Nacional de Javier Milei, [&hellip;]<\/p>\n","protected":false},"author":3,"featured_media":50036,"comment_status":"closed","ping_status":"closed","sticky":false,"template":"","format":"standard","meta":{"_joinchat":[],"footnotes":""},"categories":[60],"tags":[],"class_list":{"0":"post-50035","1":"post","2":"type-post","3":"status-publish","4":"format-standard","5":"has-post-thumbnail","7":"category-provinciales"},"_links":{"self":[{"href":"https:\/\/infovera.com.ar\/web\/wp-json\/wp\/v2\/posts\/50035","targetHints":{"allow":["GET"]}}],"collection":[{"href":"https:\/\/infovera.com.ar\/web\/wp-json\/wp\/v2\/posts"}],"about":[{"href":"https:\/\/infovera.com.ar\/web\/wp-json\/wp\/v2\/types\/post"}],"author":[{"embeddable":true,"href":"https:\/\/infovera.com.ar\/web\/wp-json\/wp\/v2\/users\/3"}],"replies":[{"embeddable":true,"href":"https:\/\/infovera.com.ar\/web\/wp-json\/wp\/v2\/comments?post=50035"}],"version-history":[{"count":0,"href":"https:\/\/infovera.com.ar\/web\/wp-json\/wp\/v2\/posts\/50035\/revisions"}],"wp:featuredmedia":[{"embeddable":true,"href":"https:\/\/infovera.com.ar\/web\/wp-json\/wp\/v2\/media\/50036"}],"wp:attachment":[{"href":"https:\/\/infovera.com.ar\/web\/wp-json\/wp\/v2\/media?parent=50035"}],"wp:term":[{"taxonomy":"category","embeddable":true,"href":"https:\/\/infovera.com.ar\/web\/wp-json\/wp\/v2\/categories?post=50035"},{"taxonomy":"post_tag","embeddable":true,"href":"https:\/\/infovera.com.ar\/web\/wp-json\/wp\/v2\/tags?post=50035"}],"curies":[{"name":"wp","href":"https:\/\/api.w.org\/{rel}","templated":true}]}}