{"id":50024,"date":"2024-02-15T17:11:32","date_gmt":"2024-02-15T20:11:32","guid":{"rendered":"https:\/\/infovera.com.ar\/web\/?p=50024"},"modified":"2024-02-17T17:16:15","modified_gmt":"2024-02-17T20:16:15","slug":"rojas-es-urgente-llamar-a-concurso-para-cubrir-las-vacantes-en-los-juzgados-del-norte","status":"publish","type":"post","link":"https:\/\/infovera.com.ar\/web\/2024\/02\/15\/rojas-es-urgente-llamar-a-concurso-para-cubrir-las-vacantes-en-los-juzgados-del-norte\/","title":{"rendered":"Rojas: &#8220;Es urgente llamar a concurso para cubrir las vacantes en los juzgados del norte&#8221;"},"content":{"rendered":"<p>El diputado Sergio \u201cChiqui\u201d Rojas manifest\u00f3 su preocupaci\u00f3n por las vacantes en tres juzgados de Reconquista que est\u00e1 afectando el servicio de justicia en toda la regi\u00f3n.<\/p>\n<p>Los juzgados en cuesti\u00f3n son el de Familia, vacante desde la destituci\u00f3n de la jueza Ileana Sinchez, y los juzgados Civil y Comercial de Primera Nominaci\u00f3n, y Laboral, vacantes por la jubilaci\u00f3n de los jueces titulares.<\/p>\n<p>Rojas explic\u00f3 que \u201ccomo consecuencia de esta situaci\u00f3n, tres jueces de Vera, la Dra. Yedro y sus pares Chapero y Rodrigo, tienen que viajar dos veces por semana a Reconquista para cubrir esos juzgados. Esto va a generar un atraso enorme en el dictado de sentencias tanto en Vera como en Reconquista. Es urgente llamar a concurso para cubrir las vacantes y analizar la posibilidad de subrogancias hasta que finalicen\u201d.<\/p>\n<p>El pedido del diputado se dio en el marco de la reuni\u00f3n de la Comisi\u00f3n de Asuntos Constitucionales, a la que acudieron el secretario de Justicia, Santiago Mascheroni, y el subsecretario de Reforma Pol\u00edtica, Mario Gonz\u00e1lez Rais, para intercambiar opiniones sobre las reformas a la Ley org\u00e1nica del Poder Judicial y al C\u00f3digo Procesal Civil, que se debatir\u00e1n en el recinto la pr\u00f3xima semana.<\/p>\n","protected":false},"excerpt":{"rendered":"<p>El diputado Sergio \u201cChiqui\u201d Rojas manifest\u00f3 su preocupaci\u00f3n por las vacantes en tres juzgados de Reconquista que est\u00e1 afectando el servicio de justicia en toda la regi\u00f3n. Los juzgados en cuesti\u00f3n son el de Familia, vacante desde la destituci\u00f3n de la jueza Ileana Sinchez, y los juzgados Civil y Comercial de Primera Nominaci\u00f3n, y Laboral, [&hellip;]<\/p>\n","protected":false},"author":3,"featured_media":50025,"comment_status":"closed","ping_status":"closed","sticky":false,"template":"","format":"standard","meta":{"_joinchat":[],"footnotes":""},"categories":[53],"tags":[],"class_list":{"0":"post-50024","1":"post","2":"type-post","3":"status-publish","4":"format-standard","5":"has-post-thumbnail","7":"category-vera"},"_links":{"self":[{"href":"https:\/\/infovera.com.ar\/web\/wp-json\/wp\/v2\/posts\/50024","targetHints":{"allow":["GET"]}}],"collection":[{"href":"https:\/\/infovera.com.ar\/web\/wp-json\/wp\/v2\/posts"}],"about":[{"href":"https:\/\/infovera.com.ar\/web\/wp-json\/wp\/v2\/types\/post"}],"author":[{"embeddable":true,"href":"https:\/\/infovera.com.ar\/web\/wp-json\/wp\/v2\/users\/3"}],"replies":[{"embeddable":true,"href":"https:\/\/infovera.com.ar\/web\/wp-json\/wp\/v2\/comments?post=50024"}],"version-history":[{"count":0,"href":"https:\/\/infovera.com.ar\/web\/wp-json\/wp\/v2\/posts\/50024\/revisions"}],"wp:featuredmedia":[{"embeddable":true,"href":"https:\/\/infovera.com.ar\/web\/wp-json\/wp\/v2\/media\/50025"}],"wp:attachment":[{"href":"https:\/\/infovera.com.ar\/web\/wp-json\/wp\/v2\/media?parent=50024"}],"wp:term":[{"taxonomy":"category","embeddable":true,"href":"https:\/\/infovera.com.ar\/web\/wp-json\/wp\/v2\/categories?post=50024"},{"taxonomy":"post_tag","embeddable":true,"href":"https:\/\/infovera.com.ar\/web\/wp-json\/wp\/v2\/tags?post=50024"}],"curies":[{"name":"wp","href":"https:\/\/api.w.org\/{rel}","templated":true}]}}