{"id":49895,"date":"2024-02-08T11:07:44","date_gmt":"2024-02-08T14:07:44","guid":{"rendered":"https:\/\/infovera.com.ar\/web\/?p=49895"},"modified":"2024-02-09T13:25:25","modified_gmt":"2024-02-09T16:25:25","slug":"rojas-y-capello-gestionaron-un-aporte-del-ministerio-de-cultura-para-la-realizacion-de-los-carnavales-verenses-2024","status":"publish","type":"post","link":"https:\/\/infovera.com.ar\/web\/2024\/02\/08\/rojas-y-capello-gestionaron-un-aporte-del-ministerio-de-cultura-para-la-realizacion-de-los-carnavales-verenses-2024\/","title":{"rendered":"Rojas y Capello gestionaron un aporte del Ministerio de Cultura para la realizaci\u00f3n de los carnavales verenses 2024"},"content":{"rendered":"<p>En el marco de esta nueva propuesta, la organizaci\u00f3n por parte de empresas privadas y la colaboraci\u00f3n del municipio. Adem\u00e1s, inform\u00f3 que estar\u00e1 presente Susana Rueda en la noche del s\u00e1bado 10 de febrero<\/p>\n<p>A d\u00edas de comenzar a transitar las noches de los carnavales verenses Rojas realiz\u00f3 una peque\u00f1a reflexi\u00f3n en torno a la importancia de defender estos lugares comunes de la cultura: \u201chemos presentado, junto con la concejal Ana Paula Capello una nota a la Ministra de Cultura de la provincia, Susana Rueda para manifestarle la necesidad de que la cartera que dirige apoye a los carnavales verenses. Seguramente la ministra traer\u00e1 novedades positivas para las comparsas verenses\u201d<\/p>\n<p>Meses atr\u00e1s, Rojas mantuvo una reuni\u00f3n con Paulo Ricci secretario del mismo ministerio para gestionar el apoyo necesario para llevar adelante estas noches. \u201cConsideramos que no era momento para quedarnos quietos, deb\u00edamos actuar y gestionar diferentes soluciones o ayudas para que los carnavales puedan realizarse\u201d<\/p>\n<p>\u201cDesde ya agradezco la escucha y la preocupaci\u00f3n para que esto sea posible por parte de la ministra y todo su equipo. Los carnavales son de todos los verenses pero lo llevan en la sangre todas las familias que trabajan d\u00eda a d\u00eda para que cada comparsa de luzca. Seguiremos apoyando siempre a la cultura de cada una de las localidades del norte santafesino\u201d<\/p>\n","protected":false},"excerpt":{"rendered":"<p>En el marco de esta nueva propuesta, la organizaci\u00f3n por parte de empresas privadas y la colaboraci\u00f3n del municipio. Adem\u00e1s, inform\u00f3 que estar\u00e1 presente Susana Rueda en la noche del s\u00e1bado 10 de febrero A d\u00edas de comenzar a transitar las noches de los carnavales verenses Rojas realiz\u00f3 una peque\u00f1a reflexi\u00f3n en torno a la [&hellip;]<\/p>\n","protected":false},"author":3,"featured_media":49896,"comment_status":"closed","ping_status":"closed","sticky":false,"template":"","format":"standard","meta":{"_joinchat":[],"footnotes":""},"categories":[53],"tags":[],"class_list":{"0":"post-49895","1":"post","2":"type-post","3":"status-publish","4":"format-standard","5":"has-post-thumbnail","7":"category-vera"},"_links":{"self":[{"href":"https:\/\/infovera.com.ar\/web\/wp-json\/wp\/v2\/posts\/49895","targetHints":{"allow":["GET"]}}],"collection":[{"href":"https:\/\/infovera.com.ar\/web\/wp-json\/wp\/v2\/posts"}],"about":[{"href":"https:\/\/infovera.com.ar\/web\/wp-json\/wp\/v2\/types\/post"}],"author":[{"embeddable":true,"href":"https:\/\/infovera.com.ar\/web\/wp-json\/wp\/v2\/users\/3"}],"replies":[{"embeddable":true,"href":"https:\/\/infovera.com.ar\/web\/wp-json\/wp\/v2\/comments?post=49895"}],"version-history":[{"count":0,"href":"https:\/\/infovera.com.ar\/web\/wp-json\/wp\/v2\/posts\/49895\/revisions"}],"wp:featuredmedia":[{"embeddable":true,"href":"https:\/\/infovera.com.ar\/web\/wp-json\/wp\/v2\/media\/49896"}],"wp:attachment":[{"href":"https:\/\/infovera.com.ar\/web\/wp-json\/wp\/v2\/media?parent=49895"}],"wp:term":[{"taxonomy":"category","embeddable":true,"href":"https:\/\/infovera.com.ar\/web\/wp-json\/wp\/v2\/categories?post=49895"},{"taxonomy":"post_tag","embeddable":true,"href":"https:\/\/infovera.com.ar\/web\/wp-json\/wp\/v2\/tags?post=49895"}],"curies":[{"name":"wp","href":"https:\/\/api.w.org\/{rel}","templated":true}]}}