{"id":49878,"date":"2024-02-07T16:47:43","date_gmt":"2024-02-07T19:47:43","guid":{"rendered":"https:\/\/infovera.com.ar\/web\/?p=49878"},"modified":"2024-02-07T16:47:43","modified_gmt":"2024-02-07T19:47:43","slug":"bajo-ningun-concepto-vamos-a-acompanar-una-reforma-que-se-lleve-puesta-a-la-produccion-santafesina","status":"publish","type":"post","link":"https:\/\/infovera.com.ar\/web\/2024\/02\/07\/bajo-ningun-concepto-vamos-a-acompanar-una-reforma-que-se-lleve-puesta-a-la-produccion-santafesina\/","title":{"rendered":"\u201cBajo ning\u00fan concepto vamos a acompa\u00f1ar una reforma que se lleve puesta a la producci\u00f3n santafesina\u201d"},"content":{"rendered":"<p>El Gobernador respondi\u00f3 este mi\u00e9rcoles a las acusaciones del gobierno nacional que, a trav\u00e9s de un comunicado oficial, calific\u00f3 a mandatarios provinciales de \u201ctraidores\u201d y \u201cextorsionadores\u201d, luego de la ca\u00edda de la sesi\u00f3n en la C\u00e1mara de Diputados de la Naci\u00f3n donde se trataba la Ley \u00d3mnibus.<\/p>\n<p>El gobernador de la provincia, Maximiliano Pullaro se refiri\u00f3 al comunicado oficial del Gobierno nacional que responsabiliz\u00f3 a mandatarios provinciales por la ca\u00edda de la sesi\u00f3n en la C\u00e1mara de Diputados de la Naci\u00f3n, donde se trataba la Ley \u00d3mnibus. Fue en el hall central del sindicato de Luz y Fuerza, en la ciudad capital, previo a la entrega de escrituras por parte del Ministerio de Igualdad y Desarrollo Social.<\/p>\n<p>\u201cTenemos un compromiso y un contrato social con Santa Fe y siempre fuimos muy claros en ese sentido: vamos a defender los intereses de la provincia y, bajo ning\u00fan concepto, vamos a acompa\u00f1ar un aumento de retenciones al campo o a la industria, porque eso, claramente, va a desincentivar el consumo y va a ocasionar p\u00e9rdidas de fuentes de trabajo\u201d, sentenci\u00f3 el Gobernador en declaraciones a la prensa.<\/p>\n<p>El mandatario santafesino reiter\u00f3 que \u201cestamos de acuerdo en que el Estado debe ser eficiente, en que debe reducir el d\u00e9ficit fiscal y, desde ese lugar, acompa\u00f1amos y hacemos tambi\u00e9n los esfuerzos en la provincia. Pero bajo ning\u00fan concepto vamos a acompa\u00f1ar una reforma que se lleve puesta la producci\u00f3n santafesina, porque ese fue nuestro compromiso tambi\u00e9n de trabajo. Tal cual le manifest\u00e9 ayer al ministro (de Econom\u00eda, Luis) Caputo y al ministro (del Interior, Guillermo) Francos, estamos dispuestos a dialogar para encontrar salidas al d\u00e9ficit fiscal y reducir los niveles de inflaci\u00f3n; y nuestra provincia tambi\u00e9n tiene que tener los recursos suficientes para brindar los servicios necesarios y las obras que tenemos que llevar adelante\u201d, remarc\u00f3 el mandatario santafesino.<\/p>\n<p>\u201cCreo que el presidente (de la Naci\u00f3n, Javier Milei) y el gobierno de La Libertad Avanza, al tener minor\u00edas en las c\u00e1mara de Diputados y Senadores, tendr\u00edan que profundizar el di\u00e1logo. Nosotros estamos dispuestos a hablar; nunca vamos a agredir a nadie ni a menospreciar una posici\u00f3n pol\u00edtica. La democracia es la construcci\u00f3n de consensos y escuchar al otro\u201d, insisti\u00f3 el titular del Ejecutivo santafesino.<\/p>\n<p><strong>Riesgo de desinversi\u00f3n<\/strong><\/p>\n<p>\u201cPero no voy a ceder a la defensa de la producci\u00f3n de la provincia de Santa Fe\u201d, ratific\u00f3 Maximiliano Pullaro, y explic\u00f3: \u201cImag\u00ednense si se ponen retenciones a la industria como pretend\u00eda el gobierno nacional. Hay 760 empresas que est\u00e1n exportando y probablemente perdamos mercados y no podremos conquistar otros, adem\u00e1s de que puedan despedirse empleados. Si se le aumentan las retenciones al campo, es factible que eso provoque desinversi\u00f3n. Y los chacareros, que no son los grandes latifundistas como tal vez entiende el gobierno nacional; son productores de 40, 50, 100 hect\u00e1reas. No puedo acompa\u00f1ar eso de ninguna manera. Hay muchas alternativas para salir de esta situaci\u00f3n\u201d, se\u00f1al\u00f3.<\/p>\n<p><strong>Necesidad de di\u00e1logo<\/strong><\/p>\n<p>M\u00e1s adelante, en referencia a las declaraciones del presidente Milei respecto de presuntas presiones de los gobernadores a los diputados de sus provincias para que voten en contra de art\u00edculos de la Ley \u00d3mnibus, Pullaro fue categ\u00f3rico: \u201cEso no es correcto. Nuestros diputados nunca van a votar a favor de las retenciones\u201d, consign\u00f3, y record\u00f3 que \u201clos legisladores santafesinos, al menos los de mi partido, votaron absolutamente todo, salvo un art\u00edculo que ten\u00eda que ver con las empresas del Estado. Adem\u00e1s, entendemos que, ideol\u00f3gicamente, los diputados tienen vida propia, no es que el gobernador los manda\u201d, complet\u00f3 al respecto.<\/p>\n<p>En relaci\u00f3n con la presentaci\u00f3n de proyectos alternativos para zanjar la crisis econ\u00f3mica nacional, el gobernador sugiri\u00f3 al gobierno central m\u00e1s di\u00e1logo, \u201csentarnos con la participaci\u00f3n de nuestros equipos de Econom\u00eda. Proponemos, por ejemplo, la aplicaci\u00f3n de un impuesto al decil m\u00e1s rico de la Argentina, a los que m\u00e1s propiedades tienen en el exterior y en el pa\u00eds, y a quienes mayores ingresos tienen, aumentar las al\u00edcuotas en el 3%. Eso nos permitir\u00eda obtener una mayor recaudaci\u00f3n que podr\u00eda coparticiparse. Argentina va a tener una muy buena cosecha este a\u00f1o, alrededor de un 50% m\u00e1s de la de 2023, lo cual significar\u00eda unos 25.000 millones de d\u00f3lares que van a ingresar a las arcas del Estado nacional. Pero necesitamos m\u00e1s di\u00e1logo&#8221;.<\/p>\n<p>&#8220;Santa Fe sufri\u00f3 recortes en educaci\u00f3n, salud, obra p\u00fablica y transporte, y estamos ajustando de cara a la sociedad, explicando cada uno de los temas, sin tampoco culpar a nadie. Tenemos que poner sobre la mesa todos los problemas, incluso los de la gente. Pero estamos convencidos de que la salida es, fundamentalmente, con crecimiento econ\u00f3mico y con m\u00e1s producci\u00f3n\u201d, concluy\u00f3 Pullaro.<\/p>\n","protected":false},"excerpt":{"rendered":"<p>El Gobernador respondi\u00f3 este mi\u00e9rcoles a las acusaciones del gobierno nacional que, a trav\u00e9s de un comunicado oficial, calific\u00f3 a mandatarios provinciales de \u201ctraidores\u201d y \u201cextorsionadores\u201d, luego de la ca\u00edda de la sesi\u00f3n en la C\u00e1mara de Diputados de la Naci\u00f3n donde se trataba la Ley \u00d3mnibus. El gobernador de la provincia, Maximiliano Pullaro se [&hellip;]<\/p>\n","protected":false},"author":3,"featured_media":49879,"comment_status":"closed","ping_status":"closed","sticky":false,"template":"","format":"standard","meta":{"_joinchat":[],"footnotes":""},"categories":[60],"tags":[],"class_list":{"0":"post-49878","1":"post","2":"type-post","3":"status-publish","4":"format-standard","5":"has-post-thumbnail","7":"category-provinciales"},"_links":{"self":[{"href":"https:\/\/infovera.com.ar\/web\/wp-json\/wp\/v2\/posts\/49878","targetHints":{"allow":["GET"]}}],"collection":[{"href":"https:\/\/infovera.com.ar\/web\/wp-json\/wp\/v2\/posts"}],"about":[{"href":"https:\/\/infovera.com.ar\/web\/wp-json\/wp\/v2\/types\/post"}],"author":[{"embeddable":true,"href":"https:\/\/infovera.com.ar\/web\/wp-json\/wp\/v2\/users\/3"}],"replies":[{"embeddable":true,"href":"https:\/\/infovera.com.ar\/web\/wp-json\/wp\/v2\/comments?post=49878"}],"version-history":[{"count":0,"href":"https:\/\/infovera.com.ar\/web\/wp-json\/wp\/v2\/posts\/49878\/revisions"}],"wp:featuredmedia":[{"embeddable":true,"href":"https:\/\/infovera.com.ar\/web\/wp-json\/wp\/v2\/media\/49879"}],"wp:attachment":[{"href":"https:\/\/infovera.com.ar\/web\/wp-json\/wp\/v2\/media?parent=49878"}],"wp:term":[{"taxonomy":"category","embeddable":true,"href":"https:\/\/infovera.com.ar\/web\/wp-json\/wp\/v2\/categories?post=49878"},{"taxonomy":"post_tag","embeddable":true,"href":"https:\/\/infovera.com.ar\/web\/wp-json\/wp\/v2\/tags?post=49878"}],"curies":[{"name":"wp","href":"https:\/\/api.w.org\/{rel}","templated":true}]}}