{"id":49873,"date":"2024-02-07T16:40:08","date_gmt":"2024-02-07T19:40:08","guid":{"rendered":"https:\/\/infovera.com.ar\/web\/?p=49873"},"modified":"2024-02-09T13:27:38","modified_gmt":"2024-02-09T16:27:38","slug":"allurralde-proceso-a-los-14-involucrados-en-una-red-de-venta-de-drogas","status":"publish","type":"post","link":"https:\/\/infovera.com.ar\/web\/2024\/02\/07\/allurralde-proceso-a-los-14-involucrados-en-una-red-de-venta-de-drogas\/","title":{"rendered":"Allurralde proces\u00f3 a 14 involucrados en una red de venta de drogas"},"content":{"rendered":"<p>El viernes 2 de febrero pasado, el juez federal de Reconquista, Dr. Aldo Mario Alurralde, dict\u00f3 el auto de procesamiento contra 14 imputados en el marco de tres causas judiciales por infracci\u00f3n a la ley de estupefacientes.<\/p>\n<p>Las investigaciones llevadas a cabo en el marco de tres causas judiciales, en las que se cont\u00f3 con trabajos de campo (seguimientos y vigilancias) documentados con filmaciones y tomas fotogr\u00e1ficas, m\u00e1s intervenciones telef\u00f3nicas, fueron encaminando las pesquisas hasta que el juez federal dispusiera el allanamiento a los domicilios de los investigados, sumando un total de 14 \u00f3rdenes de allanamiento, incluida la Unidad Penitenciaria de Coronda.<\/p>\n<p>La presunci\u00f3n de los investigadores es que desde el centro de detenci\u00f3n se organizaba la comercializaci\u00f3n de material estupefaciente.<\/p>\n<p>El megaoperativo llevado a cabo el viernes 15 de diciembre de 2023 abarc\u00f3 a 9 viviendas de Avellaneda (6 en el barrio Cooperaci\u00f3n y 3 en el barrio Cooperaci\u00f3n Norte); 1 en Reconquista, en el barrio Am\u00e9rica; 1 en la localidad de Fort\u00edn Olmos, Dpto. Vera; 1 en el barrio San Jos\u00e9 de la ciudad de Santa Fe; y 2 en la Unidad Penitenciaria 1 de Coronda.<\/p>\n<p>Para los allanamientos se desplegaron efectivos de Prefectura Naval, Polic\u00eda Federal y Polic\u00eda de la Provincia de Santa Fe, oportunidad en la que se logr\u00f3 incautar material estupefaciente (coca\u00edna y marihuana), importantes sumas de dinero en efectivo, equipamientos de tecnolog\u00eda (celulares y notebooks), entre otros elementos de inter\u00e9s a la causa.<\/p>\n<p>En virtud de ello, resultaron detenidos catorce investigados, quienes fueron indagados por el Juez Federal por infracci\u00f3n a la ley de estupefacientes y ahora procesados con prisi\u00f3n preventiva:<\/p>\n<p><strong>Los procesados con prisi\u00f3n preventiva son:<\/strong><\/p>\n<p>Causa 1:<br \/>\n\u300b SUSANA PATRICIA GODOY, por Tenencia de estupefacientes con fines de comercializaci\u00f3n; y<br \/>\n\u300b LUCAS DAVID LEZCANO, por Comercializaci\u00f3n de estupefacientes.<\/p>\n<p>Causa 2:<br \/>\n\u300b ELISANDRO GERMAN CABRERA, por Tenencia de estupefacientes con fines de comercializaci\u00f3n, y<br \/>\n\u300b MAXIMILIANO RAMON AREVALO por comercializaci\u00f3n de estupefacientes.<\/p>\n<p>Causa 3:<br \/>\n\u300b MARISEL VALERIA MARTINEZ, por Tenencia de estupefacientes con fines de comercializaci\u00f3n agravado por la participaci\u00f3n de tres o m\u00e1s personas organizadas para cometerlo;<br \/>\n\u300b ELISA ELIANA ESPINOSA, por Tenencia de estupefacientes con fines de comercializaci\u00f3n agravado por la participaci\u00f3n de tres o m\u00e1s personas organizadas para cometerlo;<br \/>\n\u300b SANTA RODR\u00cdGUEZ, por Tenencia de estupefacientes con fines de comercializaci\u00f3n agravado por la participaci\u00f3n de tres o m\u00e1s personas organizadas para cometerlo;<br \/>\n\u300b GABRIEL SEBASTIAN V\u00c1ZQUEZ, por Tenencia de estupefacientes con fines de comercializaci\u00f3n agravado por la participaci\u00f3n de tres o m\u00e1s personas organizadas para cometerlo;<br \/>\n\u300b GRACIELA ALEJANDRA V\u00c1ZQUEZ, por Tenencia de estupefacientes con fines de comercializaci\u00f3n agravado por la participaci\u00f3n de tres o m\u00e1s personas organizadas para cometerlo;<br \/>\n\u300b ADRI\u00c1N MIGUEL ZIMERMANN, por Tenencia de estupefacientes con fines de comercializaci\u00f3n agravado por la participaci\u00f3n de tres o m\u00e1s personas organizadas para cometerlo;<br \/>\n\u300b JOS\u00c9 LUIS V\u00c1ZQUEZ, por organizaci\u00f3n y financiamiento en la comercializaci\u00f3n de estupefacientes agravado por la participaci\u00f3n de tres o m\u00e1s personas organizadas para cometerlo;<br \/>\n\u300b CLAUDIA ANGELA SANABRIA, por organizaci\u00f3n en la comercializaci\u00f3n de estupefacientes agravado por la participaci\u00f3n de tres o m\u00e1s personas organizadas para cometerlo;<br \/>\n\u300b CRISTIAN DAVID V\u00c1ZQUEZ, por organizaci\u00f3n en la comercializaci\u00f3n de estupefacientes agravado por la participaci\u00f3n de tres o m\u00e1s personas organizadas para cometerlo; y<br \/>\n\u300b TOBIAS EZEQUIEL SUMASKI, por organizaci\u00f3n en la comercializaci\u00f3n de estupefacientes agravado por la participaci\u00f3n de tres o m\u00e1s personas organizadas para cometerlo.<\/p>\n","protected":false},"excerpt":{"rendered":"<p>El viernes 2 de febrero pasado, el juez federal de Reconquista, Dr. Aldo Mario Alurralde, dict\u00f3 el auto de procesamiento contra 14 imputados en el marco de tres causas judiciales por infracci\u00f3n a la ley de estupefacientes. Las investigaciones llevadas a cabo en el marco de tres causas judiciales, en las que se cont\u00f3 con [&hellip;]<\/p>\n","protected":false},"author":3,"featured_media":49874,"comment_status":"closed","ping_status":"closed","sticky":false,"template":"","format":"standard","meta":{"_joinchat":[],"footnotes":""},"categories":[55,61],"tags":[],"class_list":{"0":"post-49873","1":"post","2":"type-post","3":"status-publish","4":"format-standard","5":"has-post-thumbnail","7":"category-reconquista","8":"category-regionales"},"_links":{"self":[{"href":"https:\/\/infovera.com.ar\/web\/wp-json\/wp\/v2\/posts\/49873","targetHints":{"allow":["GET"]}}],"collection":[{"href":"https:\/\/infovera.com.ar\/web\/wp-json\/wp\/v2\/posts"}],"about":[{"href":"https:\/\/infovera.com.ar\/web\/wp-json\/wp\/v2\/types\/post"}],"author":[{"embeddable":true,"href":"https:\/\/infovera.com.ar\/web\/wp-json\/wp\/v2\/users\/3"}],"replies":[{"embeddable":true,"href":"https:\/\/infovera.com.ar\/web\/wp-json\/wp\/v2\/comments?post=49873"}],"version-history":[{"count":0,"href":"https:\/\/infovera.com.ar\/web\/wp-json\/wp\/v2\/posts\/49873\/revisions"}],"wp:featuredmedia":[{"embeddable":true,"href":"https:\/\/infovera.com.ar\/web\/wp-json\/wp\/v2\/media\/49874"}],"wp:attachment":[{"href":"https:\/\/infovera.com.ar\/web\/wp-json\/wp\/v2\/media?parent=49873"}],"wp:term":[{"taxonomy":"category","embeddable":true,"href":"https:\/\/infovera.com.ar\/web\/wp-json\/wp\/v2\/categories?post=49873"},{"taxonomy":"post_tag","embeddable":true,"href":"https:\/\/infovera.com.ar\/web\/wp-json\/wp\/v2\/tags?post=49873"}],"curies":[{"name":"wp","href":"https:\/\/api.w.org\/{rel}","templated":true}]}}