{"id":49870,"date":"2024-02-07T16:28:18","date_gmt":"2024-02-07T19:28:18","guid":{"rendered":"https:\/\/infovera.com.ar\/web\/?p=49870"},"modified":"2024-02-08T08:50:05","modified_gmt":"2024-02-08T11:50:05","slug":"ruben-martinez-juro-como-fiscal-regional-de-la-cuarta-circunscripcion-judicial","status":"publish","type":"post","link":"https:\/\/infovera.com.ar\/web\/2024\/02\/07\/ruben-martinez-juro-como-fiscal-regional-de-la-cuarta-circunscripcion-judicial\/","title":{"rendered":"Rub\u00e9n Mart\u00ednez jur\u00f3 como fiscal regional de la Cuarta Circunscripci\u00f3n Judicial"},"content":{"rendered":"<p>Fue esta ma\u00f1ana en el sal\u00f3n de actos de la Corte Suprema de Justicia de la\u00a0provincia\u00a0en la ciudad de Santa Fe.\u00a0La gesti\u00f3n de\u00a0Mart\u00ednez\u00a0se extender\u00e1 durante seis a\u00f1os.\u00a0La Fiscal General, Mar\u00eda Cecilia Vranicich, particip\u00f3 de la ceremonia.<\/p>\n<p>Rub\u00e9n Mart\u00ednez jur\u00f3 como Fiscal Regional de la Cuarta Circunscripci\u00f3n Judicial. Fue esta ma\u00f1ana en el\u00a0sal\u00f3n de actos de la Corte Suprema de Justicia de la provincia\u00a0en la ciudad de Santa Fe.<\/p>\n<p>La gesti\u00f3n de Mart\u00ednez se extender\u00e1 durante los pr\u00f3ximos seis a\u00f1os.<\/p>\n<p>De la ceremonia participaron la Fiscal General\u00a0del MPA, Mar\u00eda Cecilia Vranicich,\u00a0y los Fiscales Regionales, Jorge Nessier y Mar\u00eda Eugenia Iribarren.<\/p>\n<p>Tambi\u00e9n estuvieron presentes el ministro de Seguridad y Justicia de la provincia, Pablo Cococcioni; el secretario de Justicia provincial, Santiago Mascheroni; el diputado provincial, Dionisio Scarp\u00edn; la decana de la Facultad de Ciencias Jur\u00eddicas y Sociales de la Universidad Nacional del Litoral, Claudia Levin; funcionarios del Poder Ejecutivo santafesino, intendentes de localidades del norte provincial y autoridades policiales.<\/p>\n","protected":false},"excerpt":{"rendered":"<p>Fue esta ma\u00f1ana en el sal\u00f3n de actos de la Corte Suprema de Justicia de la\u00a0provincia\u00a0en la ciudad de Santa Fe.\u00a0La gesti\u00f3n de\u00a0Mart\u00ednez\u00a0se extender\u00e1 durante seis a\u00f1os.\u00a0La Fiscal General, Mar\u00eda Cecilia Vranicich, particip\u00f3 de la ceremonia. Rub\u00e9n Mart\u00ednez jur\u00f3 como Fiscal Regional de la Cuarta Circunscripci\u00f3n Judicial. Fue esta ma\u00f1ana en el\u00a0sal\u00f3n de actos de [&hellip;]<\/p>\n","protected":false},"author":3,"featured_media":49871,"comment_status":"closed","ping_status":"closed","sticky":false,"template":"","format":"standard","meta":{"_joinchat":[],"footnotes":""},"categories":[60],"tags":[],"class_list":{"0":"post-49870","1":"post","2":"type-post","3":"status-publish","4":"format-standard","5":"has-post-thumbnail","7":"category-provinciales"},"_links":{"self":[{"href":"https:\/\/infovera.com.ar\/web\/wp-json\/wp\/v2\/posts\/49870","targetHints":{"allow":["GET"]}}],"collection":[{"href":"https:\/\/infovera.com.ar\/web\/wp-json\/wp\/v2\/posts"}],"about":[{"href":"https:\/\/infovera.com.ar\/web\/wp-json\/wp\/v2\/types\/post"}],"author":[{"embeddable":true,"href":"https:\/\/infovera.com.ar\/web\/wp-json\/wp\/v2\/users\/3"}],"replies":[{"embeddable":true,"href":"https:\/\/infovera.com.ar\/web\/wp-json\/wp\/v2\/comments?post=49870"}],"version-history":[{"count":0,"href":"https:\/\/infovera.com.ar\/web\/wp-json\/wp\/v2\/posts\/49870\/revisions"}],"wp:featuredmedia":[{"embeddable":true,"href":"https:\/\/infovera.com.ar\/web\/wp-json\/wp\/v2\/media\/49871"}],"wp:attachment":[{"href":"https:\/\/infovera.com.ar\/web\/wp-json\/wp\/v2\/media?parent=49870"}],"wp:term":[{"taxonomy":"category","embeddable":true,"href":"https:\/\/infovera.com.ar\/web\/wp-json\/wp\/v2\/categories?post=49870"},{"taxonomy":"post_tag","embeddable":true,"href":"https:\/\/infovera.com.ar\/web\/wp-json\/wp\/v2\/tags?post=49870"}],"curies":[{"name":"wp","href":"https:\/\/api.w.org\/{rel}","templated":true}]}}