{"id":49843,"date":"2024-02-05T21:32:20","date_gmt":"2024-02-06T00:32:20","guid":{"rendered":"https:\/\/infovera.com.ar\/web\/?p=49843"},"modified":"2024-02-05T21:32:20","modified_gmt":"2024-02-06T00:32:20","slug":"reconquista-nueva-reunion-de-la-comision-de-control-y-monitoreo-de-la-obra-publica","status":"publish","type":"post","link":"https:\/\/infovera.com.ar\/web\/2024\/02\/05\/reconquista-nueva-reunion-de-la-comision-de-control-y-monitoreo-de-la-obra-publica\/","title":{"rendered":"Reconquista: nueva reuni\u00f3n de la Comisi\u00f3n de Control y Monitoreo de la Obra P\u00fablica"},"content":{"rendered":"<p>El pasado viernes 2 de febrero, en horas del mediod\u00eda, se realiz\u00f3 en la sala de Gabinete de la Municipalidad de Reconquista un nuevo encuentro de la Comisi\u00f3n de Control y Monitoreo de la Obra P\u00fablica.<\/p>\n<p>Se trata de una herramienta implementada por el intendente Dr. Amadeo Enrique Vallejos y regulada por Ordenanza Municipal, atendiendo la necesidad de llevar adelante una comisi\u00f3n permanente de evaluaci\u00f3n de las obras que se realizan en nuestra ciudad, articulando con el sector privado, pero tambi\u00e9n con representantes de los bloques parlamentarios que conforman el Concejo de Reconquista.<\/p>\n<p>De dicha reuni\u00f3n participaron el secretario de Obras P\u00fablicas Arq. Carlos Castellani y su equipo de trabajo, junto con los contadores Mat\u00edas Masat y Rub\u00e9n Nadalich de la Secretar\u00eda de Desarrollo Econ\u00f3mico en representaci\u00f3n del departamento ejecutivo; los concejales Jorge Fiant, Luisina Pietropaolo, Fedra Busegh\u00edn y Javier Machado; y el ingeniero Fabi\u00e1n Fabriss\u00edn, quien es el inspector a cargo de la obra en tratamiento.<\/p>\n<p>En la ocasi\u00f3n se puso el foco en la primera etapa del Plan Director de Drenaje Pluvial de la ciudad de Reconquista, obra que abarc\u00f3 m\u00e1s de 900 hect\u00e1reas en 10 barrios de la ciudad y fue financiada por la Secretar\u00eda de Infraestructura y Pol\u00edtica H\u00eddrica del Gobierno Nacional en la gesti\u00f3n anterior, a trav\u00e9s de la DINAPREM (Direcci\u00f3n Nacional de Pre inversi\u00f3n Municipal). All\u00ed se hizo hincapi\u00e9 especialmente en c\u00f3mo afect\u00f3 su trazo y c\u00f3mo funcion\u00f3 el sistema de escurrimiento ante los grandes vol\u00famenes de agua ca\u00eddos durante la emergencia h\u00eddrica.<\/p>\n<p>Tras el encuentro, los asistentes remarcaron la importancia de este espacio de di\u00e1logo entre los diferentes actores que conforman la obra p\u00fablica en nuestra ciudad, al tiempo que programaron un nuevo encuentro para seguir debatiendo sobre las obras que se est\u00e1n ejecutando en Reconquista, resaltando adem\u00e1s el marco de trasparencia que esta ordenanza le da a la obra p\u00fablica.<\/p>\n","protected":false},"excerpt":{"rendered":"<p>El pasado viernes 2 de febrero, en horas del mediod\u00eda, se realiz\u00f3 en la sala de Gabinete de la Municipalidad de Reconquista un nuevo encuentro de la Comisi\u00f3n de Control y Monitoreo de la Obra P\u00fablica. Se trata de una herramienta implementada por el intendente Dr. Amadeo Enrique Vallejos y regulada por Ordenanza Municipal, atendiendo [&hellip;]<\/p>\n","protected":false},"author":3,"featured_media":49844,"comment_status":"closed","ping_status":"closed","sticky":false,"template":"","format":"standard","meta":{"_joinchat":[],"footnotes":""},"categories":[55],"tags":[],"class_list":{"0":"post-49843","1":"post","2":"type-post","3":"status-publish","4":"format-standard","5":"has-post-thumbnail","7":"category-reconquista"},"_links":{"self":[{"href":"https:\/\/infovera.com.ar\/web\/wp-json\/wp\/v2\/posts\/49843","targetHints":{"allow":["GET"]}}],"collection":[{"href":"https:\/\/infovera.com.ar\/web\/wp-json\/wp\/v2\/posts"}],"about":[{"href":"https:\/\/infovera.com.ar\/web\/wp-json\/wp\/v2\/types\/post"}],"author":[{"embeddable":true,"href":"https:\/\/infovera.com.ar\/web\/wp-json\/wp\/v2\/users\/3"}],"replies":[{"embeddable":true,"href":"https:\/\/infovera.com.ar\/web\/wp-json\/wp\/v2\/comments?post=49843"}],"version-history":[{"count":0,"href":"https:\/\/infovera.com.ar\/web\/wp-json\/wp\/v2\/posts\/49843\/revisions"}],"wp:featuredmedia":[{"embeddable":true,"href":"https:\/\/infovera.com.ar\/web\/wp-json\/wp\/v2\/media\/49844"}],"wp:attachment":[{"href":"https:\/\/infovera.com.ar\/web\/wp-json\/wp\/v2\/media?parent=49843"}],"wp:term":[{"taxonomy":"category","embeddable":true,"href":"https:\/\/infovera.com.ar\/web\/wp-json\/wp\/v2\/categories?post=49843"},{"taxonomy":"post_tag","embeddable":true,"href":"https:\/\/infovera.com.ar\/web\/wp-json\/wp\/v2\/tags?post=49843"}],"curies":[{"name":"wp","href":"https:\/\/api.w.org\/{rel}","templated":true}]}}