{"id":49793,"date":"2024-02-03T13:15:36","date_gmt":"2024-02-03T16:15:36","guid":{"rendered":"https:\/\/infovera.com.ar\/web\/?p=49793"},"modified":"2024-02-05T13:52:45","modified_gmt":"2024-02-05T16:52:45","slug":"despues-del-calor-vuelven-las-lluvias","status":"publish","type":"post","link":"https:\/\/infovera.com.ar\/web\/2024\/02\/03\/despues-del-calor-vuelven-las-lluvias\/","title":{"rendered":"Despu\u00e9s del calor vuelven las lluvias"},"content":{"rendered":"<p>M\u00e1s all\u00e1 de que se den eventos aislados de tormentas a partir de la noche del s\u00e1bado, lunes y martes, se recomienda seguimiento a los fen\u00f3menos meteorol\u00f3gicos que puedan llegar a ocurrir a partir del jueves hasta el domingo inclusive, adelant\u00f3 el CMMC SAT en un informe<\/p>\n<p>Despu\u00e9s delbloqueo actual volver\u00e1 la normalidad, y con acumulados interesantes en gran parte de la zona central a ra\u00edz del ingreso de un sistema frontal que avanzar\u00e1 sobre el territorio nacional.<\/p>\n<p>No solo dejar\u00e1 probables tormentas de variada intensidad, sino que tambi\u00e9n un cambio en las masas de aire con posterior descenso de las temperaturas.<\/p>\n<p>Se recomienda no descuidar los desag\u00fces; este bloqueo atmosf\u00e9rico ya tiene fecha de vencimiento, y no olvidar que sigue vigente el fen\u00f3meno \u201cEl Ni\u00f1o\u201d.<\/p>\n","protected":false},"excerpt":{"rendered":"<p>M\u00e1s all\u00e1 de que se den eventos aislados de tormentas a partir de la noche del s\u00e1bado, lunes y martes, se recomienda seguimiento a los fen\u00f3menos meteorol\u00f3gicos que puedan llegar a ocurrir a partir del jueves hasta el domingo inclusive, adelant\u00f3 el CMMC SAT en un informe Despu\u00e9s delbloqueo actual volver\u00e1 la normalidad, y con [&hellip;]<\/p>\n","protected":false},"author":3,"featured_media":49795,"comment_status":"closed","ping_status":"closed","sticky":false,"template":"","format":"standard","meta":{"_joinchat":[],"footnotes":""},"categories":[51],"tags":[],"class_list":{"0":"post-49793","1":"post","2":"type-post","3":"status-publish","4":"format-standard","5":"has-post-thumbnail","7":"category-locales"},"_links":{"self":[{"href":"https:\/\/infovera.com.ar\/web\/wp-json\/wp\/v2\/posts\/49793","targetHints":{"allow":["GET"]}}],"collection":[{"href":"https:\/\/infovera.com.ar\/web\/wp-json\/wp\/v2\/posts"}],"about":[{"href":"https:\/\/infovera.com.ar\/web\/wp-json\/wp\/v2\/types\/post"}],"author":[{"embeddable":true,"href":"https:\/\/infovera.com.ar\/web\/wp-json\/wp\/v2\/users\/3"}],"replies":[{"embeddable":true,"href":"https:\/\/infovera.com.ar\/web\/wp-json\/wp\/v2\/comments?post=49793"}],"version-history":[{"count":0,"href":"https:\/\/infovera.com.ar\/web\/wp-json\/wp\/v2\/posts\/49793\/revisions"}],"wp:featuredmedia":[{"embeddable":true,"href":"https:\/\/infovera.com.ar\/web\/wp-json\/wp\/v2\/media\/49795"}],"wp:attachment":[{"href":"https:\/\/infovera.com.ar\/web\/wp-json\/wp\/v2\/media?parent=49793"}],"wp:term":[{"taxonomy":"category","embeddable":true,"href":"https:\/\/infovera.com.ar\/web\/wp-json\/wp\/v2\/categories?post=49793"},{"taxonomy":"post_tag","embeddable":true,"href":"https:\/\/infovera.com.ar\/web\/wp-json\/wp\/v2\/tags?post=49793"}],"curies":[{"name":"wp","href":"https:\/\/api.w.org\/{rel}","templated":true}]}}