{"id":49763,"date":"2024-02-01T17:39:06","date_gmt":"2024-02-01T20:39:06","guid":{"rendered":"https:\/\/infovera.com.ar\/web\/?p=49763"},"modified":"2024-02-01T17:39:06","modified_gmt":"2024-02-01T20:39:06","slug":"pullaro-apostamos-a-un-proyecto-institucional-que-nos-fortalezca-como-provincia","status":"publish","type":"post","link":"https:\/\/infovera.com.ar\/web\/2024\/02\/01\/pullaro-apostamos-a-un-proyecto-institucional-que-nos-fortalezca-como-provincia\/","title":{"rendered":"Pullaro: \u201cApostamos a un proyecto institucional que nos fortalezca como provincia\u201d"},"content":{"rendered":"<p>En el inicio del a\u00f1o judicial, el gobernador Maximiliano Pullaro visit\u00f3 las oficinas del fiscal de Estado, Domingo Rondina, para saludar al personal y agradecer \u201cel trabajo en defensa de los intereses de la Provincia\u201d.<\/p>\n<p>Con el comienzo del mes de febrero, que marca el inicio de la actividad judicial, el gobernador de la provincia, Maximiliano Pullaro salud\u00f3 esta ma\u00f1ana a los trabajadores de Fiscal\u00eda de Estado, en el segundo piso de Casa de Gobierno.<\/p>\n<p>Domingo Rondina, fiscal de Estado de la provincia, fue el encargado de dar la bienvenida al mandatario provincial. En la ocasi\u00f3n, Pullaro recorri\u00f3 las distintas oficinas de la dependencia y particip\u00f3 de la colocaci\u00f3n de un cuadro del Brigadier Estanislao L\u00f3pez en el despacho principal.<\/p>\n<p>El gobernador Pullaro agradeci\u00f3 a los trabajadores presentes al se\u00f1alar que \u201cpara nosotros es importante, en este d\u00eda que se pone en marcha el a\u00f1o judicial, venir a agradecer el trabajo de todos los d\u00edas, porque tenemos enormes e intensos desaf\u00edos en los pr\u00f3ximos casi cuatro a\u00f1os. Nos quedan tres a\u00f1os y casi 10 meses de gesti\u00f3n, y realmente entendemos que la provincia de Santa Fe, en el contexto nacional, puede dar much\u00edsimo si logramos defenderla y si logramos consolidar un proyecto pol\u00edtico de provincia, que sea institucional, que pueda trascender a los partidos pol\u00edticos y que pueda llegar a ser llevarlo adelante como Estado de la provincia de Santa Fe\u201d.<\/p>\n<p>Por otro lado, Pullaro aprovech\u00f3 la oportunidad para remarcar que \u201csiento que a nuestra provincia durante muchos a\u00f1os no se la ha defendido como correspond\u00eda. Nuestra provincia realmente tiene much\u00edsimo, pero much\u00edsimo para dar en el contexto nacional. Nuestra provincia es de gente de trabajo, de gente que le pone mucho esfuerzo para salir adelante todos los d\u00edas, tanto empleados p\u00fablicos como del sector privado. Y lamentablemente no hemos sido mirados desde la pol\u00edtica central\u201d, asever\u00f3.<\/p>\n<p>\u201cLas quer\u00eda agradecer personalmente y pedirles este compromiso de aportar no a un proyecto pol\u00edtico, sino para aportar a un proyecto institucional que nos fortalezca a nosotros como provincia y que la provincia de Santa Fe salga adelante y que pueda ser la locomotora del cambio que tiene que venir a la Rep\u00fablica Argentina\u201d, complet\u00f3 el gobernador.<\/p>\n<p><strong>\u201cDefender a la provincia\u201d<\/strong><\/p>\n<p>Por su parte, Rondina explic\u00f3 que \u201choy 1\u00b0 de febrero, como todos los a\u00f1os, empieza la actividad judicial en Tribunales. Los abogados tenemos que empezar a presentar los escritos; llegan c\u00e9dulas, hay que contestar demandas, hay que avanzar con la tramitaci\u00f3n de los expedientes judiciales. Hoy est\u00e1 plenamente activo el a\u00f1o judicial\u201d, precis\u00f3.<\/p>\n<p>El Fiscal de Estado fue contundente al sostener que \u201cla provincia de Santa Fe tiene un objetivo invariable que este gobernador ha recalcado hoy en el acto con mucha fuerza, que debe ser nuestro objetivo, la defensa de los intereses de la provincia en todos los \u00e1mbitos.<\/p>\n<p>La Fiscal\u00eda de Estado tiene confiado el dictamen de los expedientes administrativos antes que lleguen al gobernador, pero, adem\u00e1s, todos los juicios que se hacen contra la provincia, tanto administrativos como no administrativos\u201d. Y agreg\u00f3: \u201cadem\u00e1s la Fiscal\u00eda de Estado de la provincia tambi\u00e9n tiene aquellos juicios que el Estado inicia muchas veces, por ejemplo, ante la Corte Suprema, cuando tiene diferencias con otras provincias o con el gobierno nacional\u201d.<\/p>\n<p>En la actividad, tambi\u00e9n estuvo presente el secretario de Justicia, Santiago Mascheroni: \u201cTenemos que encarar la acci\u00f3n administrativa y la administraci\u00f3n de Justicia con una mirada hacia adelante, que prevea los cambios y las dificultades que vamos a tener, posiblemente, por una situaci\u00f3n que en el pa\u00eds puede resultar de fuerte puja distributiva y, con nuestros recursos, afrontar esa responsabilidad\u201d, agreg\u00f3 el funcionario.<\/p>\n","protected":false},"excerpt":{"rendered":"<p>En el inicio del a\u00f1o judicial, el gobernador Maximiliano Pullaro visit\u00f3 las oficinas del fiscal de Estado, Domingo Rondina, para saludar al personal y agradecer \u201cel trabajo en defensa de los intereses de la Provincia\u201d. Con el comienzo del mes de febrero, que marca el inicio de la actividad judicial, el gobernador de la provincia, [&hellip;]<\/p>\n","protected":false},"author":3,"featured_media":49764,"comment_status":"closed","ping_status":"closed","sticky":false,"template":"","format":"standard","meta":{"_joinchat":[],"footnotes":""},"categories":[60],"tags":[],"class_list":{"0":"post-49763","1":"post","2":"type-post","3":"status-publish","4":"format-standard","5":"has-post-thumbnail","7":"category-provinciales"},"_links":{"self":[{"href":"https:\/\/infovera.com.ar\/web\/wp-json\/wp\/v2\/posts\/49763","targetHints":{"allow":["GET"]}}],"collection":[{"href":"https:\/\/infovera.com.ar\/web\/wp-json\/wp\/v2\/posts"}],"about":[{"href":"https:\/\/infovera.com.ar\/web\/wp-json\/wp\/v2\/types\/post"}],"author":[{"embeddable":true,"href":"https:\/\/infovera.com.ar\/web\/wp-json\/wp\/v2\/users\/3"}],"replies":[{"embeddable":true,"href":"https:\/\/infovera.com.ar\/web\/wp-json\/wp\/v2\/comments?post=49763"}],"version-history":[{"count":0,"href":"https:\/\/infovera.com.ar\/web\/wp-json\/wp\/v2\/posts\/49763\/revisions"}],"wp:featuredmedia":[{"embeddable":true,"href":"https:\/\/infovera.com.ar\/web\/wp-json\/wp\/v2\/media\/49764"}],"wp:attachment":[{"href":"https:\/\/infovera.com.ar\/web\/wp-json\/wp\/v2\/media?parent=49763"}],"wp:term":[{"taxonomy":"category","embeddable":true,"href":"https:\/\/infovera.com.ar\/web\/wp-json\/wp\/v2\/categories?post=49763"},{"taxonomy":"post_tag","embeddable":true,"href":"https:\/\/infovera.com.ar\/web\/wp-json\/wp\/v2\/tags?post=49763"}],"curies":[{"name":"wp","href":"https:\/\/api.w.org\/{rel}","templated":true}]}}