{"id":49744,"date":"2024-01-31T18:27:43","date_gmt":"2024-01-31T21:27:43","guid":{"rendered":"https:\/\/infovera.com.ar\/web\/?p=49744"},"modified":"2024-02-01T11:16:09","modified_gmt":"2024-02-01T14:16:09","slug":"primera-reunion-de-la-pariraria-de-salud","status":"publish","type":"post","link":"https:\/\/infovera.com.ar\/web\/2024\/01\/31\/primera-reunion-de-la-pariraria-de-salud\/","title":{"rendered":"Primera reuni\u00f3n de la pariraria de Salud"},"content":{"rendered":"<p>Ciancio: \u201cApuntamos a llegar a un acuerdo, sin perder de vista el estado financiero de la provincia\u201d.\u00a0Lo asegur\u00f3 la ministra de Salud tras el primer encuentro paritario con los trabajadores del sector. La reuni\u00f3n se llev\u00f3 a cabo este mi\u00e9rcoles en Santa Fe. La funcionaria record\u00f3 que en el arranque de la gesti\u00f3n \u201cdebimos inyectar recursos r\u00e1pidamente para que el sistema de salud sea operativo\u201d.<\/p>\n<p>Este mi\u00e9rcoles 31 de enero se llev\u00f3 a cabo la primera reuni\u00f3n paritaria de Salud, en la sede del Ministerio de Trabajo. La reuni\u00f3n estuvo encabezada por el ministro de Trabajo, Roald B\u00e1scolo, que convoc\u00f3 a la mesa paritaria; la ministra de Salud, Silvia Ciancio; y las secretarias del Ministerio de Econom\u00eda: de Hacienda, Maria Bel\u00e9n Etchevarr\u00eda; y de Recursos Humanos y Funci\u00f3n P\u00fablica, Malena Azario.<\/p>\n<p>Entre otros representantes gremiales recibieron a Eduardo Taboada, Pablo Crispo, N\u00e9stor Rossi, Marcelo Beltrame, Florencia Tomasino y Sandra Barbieri, por la Asociaci\u00f3n de M\u00e9dicos de la Rep\u00fablica Argentina (AMRA); Mar\u00eda Fernanda Boriotti, Diego Ainsuain, Rodrigo Ramirez, Leandro Goldsack, Jer\u00f3nimo Ainsuain y Viviana Tomas, por el Sindicato de Profesionales Universitarios de la Salud (Siprus), entre otros.<\/p>\n<p>Luego del encuentro, la ministra de Salud detall\u00f3 que fue \u201cuna reuni\u00f3n de mucho respeto, con la convicci\u00f3n de seguir trabajando en conjunto para llegar a un acuerdo en el futuro. No desconozco la situaci\u00f3n salarial de los compa\u00f1eros trabajadores, pero tambi\u00e9n conozco la situaci\u00f3n real que atraviesa la provincia. Nosotros estamos con una actitud positiva para llegar a un acuerdo. Ese es el mandato del gobernador y aqu\u00ed estamos para trabajar junto con el ministro de Trabajo\u201d.<\/p>\n<p>Ciancio se\u00f1al\u00f3 que \u201cactualmente estamos haciendo una evaluaci\u00f3n de lo que tenemos, de lo que encontramos, atendiendo situaciones urgentes. Lo salarial sabemos que es urgente, pero tambi\u00e9n hab\u00eda cuestiones coyunturales que tuvimos que atender y que tienen que ver con recursos que tuvimos que inyectar r\u00e1pidamente al sistema para que el sistema de salud sea operativo\u201d. En ese marco, la ministra record\u00f3 que se pag\u00f3 a m\u00e1s de 1300 agentes que hac\u00edan reemplazos desde septiembre y estaban sin cobrar, as\u00ed como tambi\u00e9n se pag\u00f3 a agentes que estaban contratados, con montos sin actualizar desde marzo de 2023.<\/p>\n<p>Por su parte, B\u00e1scolo afirm\u00f3 que \u201cen lo que coincidimos todos es que el trabajador no puede perder poder adquisitivo. En eso estamos todos de acuerdo, el tema es que la provincia est\u00e1 en una situaci\u00f3n financiera complicada. Pero estamos todos de acuerdo en que los trabajadores no tienen que perder poder adquisitivo. Estamos trabajando para poder tener un acuerdo entre todos los gremios con el m\u00e1ximo esfuerzo posible de ambas partes\u201d, concluy\u00f3.<\/p>\n","protected":false},"excerpt":{"rendered":"<p>Ciancio: \u201cApuntamos a llegar a un acuerdo, sin perder de vista el estado financiero de la provincia\u201d.\u00a0Lo asegur\u00f3 la ministra de Salud tras el primer encuentro paritario con los trabajadores del sector. La reuni\u00f3n se llev\u00f3 a cabo este mi\u00e9rcoles en Santa Fe. La funcionaria record\u00f3 que en el arranque de la gesti\u00f3n \u201cdebimos inyectar [&hellip;]<\/p>\n","protected":false},"author":3,"featured_media":28004,"comment_status":"closed","ping_status":"closed","sticky":false,"template":"","format":"standard","meta":{"_joinchat":[],"footnotes":""},"categories":[60],"tags":[],"class_list":{"0":"post-49744","1":"post","2":"type-post","3":"status-publish","4":"format-standard","5":"has-post-thumbnail","7":"category-provinciales"},"_links":{"self":[{"href":"https:\/\/infovera.com.ar\/web\/wp-json\/wp\/v2\/posts\/49744","targetHints":{"allow":["GET"]}}],"collection":[{"href":"https:\/\/infovera.com.ar\/web\/wp-json\/wp\/v2\/posts"}],"about":[{"href":"https:\/\/infovera.com.ar\/web\/wp-json\/wp\/v2\/types\/post"}],"author":[{"embeddable":true,"href":"https:\/\/infovera.com.ar\/web\/wp-json\/wp\/v2\/users\/3"}],"replies":[{"embeddable":true,"href":"https:\/\/infovera.com.ar\/web\/wp-json\/wp\/v2\/comments?post=49744"}],"version-history":[{"count":0,"href":"https:\/\/infovera.com.ar\/web\/wp-json\/wp\/v2\/posts\/49744\/revisions"}],"wp:featuredmedia":[{"embeddable":true,"href":"https:\/\/infovera.com.ar\/web\/wp-json\/wp\/v2\/media\/28004"}],"wp:attachment":[{"href":"https:\/\/infovera.com.ar\/web\/wp-json\/wp\/v2\/media?parent=49744"}],"wp:term":[{"taxonomy":"category","embeddable":true,"href":"https:\/\/infovera.com.ar\/web\/wp-json\/wp\/v2\/categories?post=49744"},{"taxonomy":"post_tag","embeddable":true,"href":"https:\/\/infovera.com.ar\/web\/wp-json\/wp\/v2\/tags?post=49744"}],"curies":[{"name":"wp","href":"https:\/\/api.w.org\/{rel}","templated":true}]}}