{"id":49653,"date":"2024-01-28T17:22:26","date_gmt":"2024-01-28T20:22:26","guid":{"rendered":"https:\/\/infovera.com.ar\/web\/?p=49653"},"modified":"2024-01-28T17:22:26","modified_gmt":"2024-01-28T20:22:26","slug":"delegacion-de-facultades-impacto-en-santa-fe","status":"publish","type":"post","link":"https:\/\/infovera.com.ar\/web\/2024\/01\/28\/delegacion-de-facultades-impacto-en-santa-fe\/","title":{"rendered":"Delegaci\u00f3n de facultades. Impacto en Santa Fe"},"content":{"rendered":"<p>Por Germ\u00e1n Mart\u00ednez (*)<\/p>\n<p>Algunos podr\u00e1n creer que postergar el debate sobre temas fiscales es un triunfo. Pero, en realidad, es una trampa.<\/p>\n<p>Ac\u00e1 van los 10 motivos por lo que la delegaci\u00f3n de facultades a Milei perjudicar\u00e1 a nuestra provincia.<\/p>\n<p><strong>1. Impacto FGS<\/strong><\/p>\n<p>Con la delegaci\u00f3n de facultades Milei podr\u00e1 liquidar el Fondo de Garant\u00eda de Sustentabilidad.<\/p>\n<p>Eso perjudica en Santa Fe a 440mil jubilados ANSES, abre interrogantes sobre jubilados futuros y pone en crisis a la Caja de Jubilaciones provincial (no transferida).<\/p>\n<p><strong>2. Facultades previsionales<\/strong><\/p>\n<p>Con la delegaci\u00f3n de facultades Milei podr\u00e1 aumentar la edad jubilatoria, eliminar las moratorias previsionales y revisar los reg\u00edmenes especiales (docentes universitarios, cient\u00edficos, etc.)<\/p>\n<p><strong>3. Intervenci\u00f3n de organismos estrat\u00e9gicos<\/strong><\/p>\n<p>Santa Fe tambi\u00e9n se perjudicar\u00e1 con la intervenci\u00f3n de organismos como INTA, INTI, CONICET, SENASA, INASE y otros, fundamentales para el desarrollo econ\u00f3mico y productivo de la provincia.<\/p>\n<p>El art. 5 de la ley \u00f3mnibus lo permite.<\/p>\n<p><strong>4. Biocombustibles<\/strong><\/p>\n<p>Aunque el texto de la ley \u00f3mnibus que se quiera aprobar parezca &#8220;amigable&#8221; para las empresas santafesinas, la delegaci\u00f3n de facultades le permitir\u00e1 modificarlo v\u00eda decretos delegados o resoluciones de la Secretaria de Energ\u00eda, sin pasar por el Congreso.<\/p>\n<p><strong>5. Tarifazo<\/strong><\/p>\n<p>Caputo dijo que el &#8220;d\u00e9ficit cero&#8221; no se abandona.<br \/>\nPara lograrlo, Milei acelerar\u00e1 el tarifazo en electricidad y gas, afectando brutalmente a consumidores y usuarios residenciales; industrias; pymes y comercios santafesinos.<\/p>\n<p><strong>6. Transferencias a provincias<\/strong><\/p>\n<p>Caputo dijo que apuntar\u00e1 al d\u00e9ficit cero recortando otros gastos. Y Milei que va a &#8220;fundir a las provincias&#8221;.<\/p>\n<p>Esto implica en Santa Fe menos fondos para obras p\u00fablicas, educaci\u00f3n, ciencia y tecnolog\u00eda, cr\u00e9ditos pyme a tasa subsidiadas, etc.<\/p>\n<p><strong>7. Subsidios al Transporte<\/strong><\/p>\n<p>Con las facultades delegadas y el mega DNU (a lo que hay que sumar que se est\u00e1 usando el Presupuesto 2023 prorrogado por decreto) Milei profundizar\u00e1 el recorte de subsidios al transporte de pasajeros.<\/p>\n<p>El boleto de colectivo saldr\u00e1 cada vez m\u00e1s caro.<\/p>\n<p>8. Privatizaciones<br \/>\nCon las facultades delegadas Milei privatizar\u00e1 el Banco Naci\u00f3n, clave para la producci\u00f3n santafesina.<br \/>\nLo mismo, con Fabricaciones Militares en Fray Luis Beltr\u00e1n.<br \/>\nYa no habr\u00e1 nuevas rutas de Aerol\u00edneas. Y se desarticular\u00e1 la red de fibra \u00f3ptica (ARSAT)<\/p>\n<p>9. Pol\u00edtica ferroviaria<br \/>\nMilei con superpoderes privatizar\u00e1 Trenes Argentinos.<br \/>\nChau conectividad de los puertos, a la recuperaci\u00f3n de ramales, a los trenes de cercan\u00eda, al impulso de talleres ferroviarios santafesinos.<br \/>\nAumentar\u00e1n los costos de flete para la producci\u00f3n.<\/p>\n<p>10. Cultura<br \/>\nLa ley \u00f3mnibus es un golpe mortal a las industrias culturales de Santa Fe.<br \/>\nSe desfinancia a la cultura y a las bibliotecas populares; se intervendr\u00e1n organismos vinculados al teatro, la m\u00fasica y el cine.<br \/>\nLa riqueza cultura de Santa Fe, muy amenazada.<\/p>\n<p><strong>En s\u00edntesis.<\/strong><\/p>\n<p>Santa Fe se ver\u00e1 severamente perjudicada por los super poderes a Milei.<\/p>\n<p>Que no nos enga\u00f1en. Y que nadie se deje enga\u00f1ar.<\/p>\n<p>Cu\u00e1nto m\u00e1s facultades delegadas tenga Milei, peor le va a ir a los santafesinos.<\/p>\n<p><strong>(*) Jefe del Bloque de Diputados Nacionales de Uni\u00f3n por la Patria<\/strong><\/p>\n","protected":false},"excerpt":{"rendered":"<p>Por Germ\u00e1n Mart\u00ednez (*) Algunos podr\u00e1n creer que postergar el debate sobre temas fiscales es un triunfo. Pero, en realidad, es una trampa. Ac\u00e1 van los 10 motivos por lo que la delegaci\u00f3n de facultades a Milei perjudicar\u00e1 a nuestra provincia. 1. Impacto FGS Con la delegaci\u00f3n de facultades Milei podr\u00e1 liquidar el Fondo de [&hellip;]<\/p>\n","protected":false},"author":3,"featured_media":49654,"comment_status":"closed","ping_status":"closed","sticky":false,"template":"","format":"standard","meta":{"_joinchat":[],"footnotes":""},"categories":[62,60],"tags":[],"class_list":{"0":"post-49653","1":"post","2":"type-post","3":"status-publish","4":"format-standard","5":"has-post-thumbnail","7":"category-nacionales","8":"category-provinciales"},"_links":{"self":[{"href":"https:\/\/infovera.com.ar\/web\/wp-json\/wp\/v2\/posts\/49653","targetHints":{"allow":["GET"]}}],"collection":[{"href":"https:\/\/infovera.com.ar\/web\/wp-json\/wp\/v2\/posts"}],"about":[{"href":"https:\/\/infovera.com.ar\/web\/wp-json\/wp\/v2\/types\/post"}],"author":[{"embeddable":true,"href":"https:\/\/infovera.com.ar\/web\/wp-json\/wp\/v2\/users\/3"}],"replies":[{"embeddable":true,"href":"https:\/\/infovera.com.ar\/web\/wp-json\/wp\/v2\/comments?post=49653"}],"version-history":[{"count":0,"href":"https:\/\/infovera.com.ar\/web\/wp-json\/wp\/v2\/posts\/49653\/revisions"}],"wp:featuredmedia":[{"embeddable":true,"href":"https:\/\/infovera.com.ar\/web\/wp-json\/wp\/v2\/media\/49654"}],"wp:attachment":[{"href":"https:\/\/infovera.com.ar\/web\/wp-json\/wp\/v2\/media?parent=49653"}],"wp:term":[{"taxonomy":"category","embeddable":true,"href":"https:\/\/infovera.com.ar\/web\/wp-json\/wp\/v2\/categories?post=49653"},{"taxonomy":"post_tag","embeddable":true,"href":"https:\/\/infovera.com.ar\/web\/wp-json\/wp\/v2\/tags?post=49653"}],"curies":[{"name":"wp","href":"https:\/\/api.w.org\/{rel}","templated":true}]}}