{"id":49571,"date":"2024-01-24T12:22:29","date_gmt":"2024-01-24T15:22:29","guid":{"rendered":"https:\/\/infovera.com.ar\/web\/?p=49571"},"modified":"2024-01-24T12:22:29","modified_gmt":"2024-01-24T15:22:29","slug":"boleto-educativo-mas-de-56-000-inscriptos-en-menos-de-24-horas","status":"publish","type":"post","link":"https:\/\/infovera.com.ar\/web\/2024\/01\/24\/boleto-educativo-mas-de-56-000-inscriptos-en-menos-de-24-horas\/","title":{"rendered":"Boleto Educativo: m\u00e1s de 56.000 inscriptos en menos de 24 horas"},"content":{"rendered":"<p>A menos de un d\u00eda del relanzamiento, es masiva la adhesi\u00f3n al programa. Provincia sald\u00f3 las deudas que hab\u00eda con las empresas que prestan el servicio y dispuso mejoras en la herramienta: podr\u00e1 utilizarse desde el 1 de febrero hasta el fin del ciclo lectivo (los alumnos) y hasta el \u00faltimo d\u00eda del a\u00f1o (docentes y asistentes). La inscripci\u00f3n es 100% online.<\/p>\n<p>La secretaria de Transporte y Log\u00edstica del Ministerio de Desarrollo Productivo de la provincia, Renata Ghilotti, brind\u00f3 este martes detalles de la edici\u00f3n 2024 del Boleto Educativo (BE 2024), cuya inscripci\u00f3n ya dio inicio y que est\u00e1 destinado a alumnos regulares de los niveles inicial, primario, secundario, terciario y universitario, docentes y asistentes escolares.<\/p>\n<p>En menos de 24 horas, ya sumaban m\u00e1s de 56.000 los inscriptos al programa que otorga 2 viajes diarios si el beneficiario reside a menos de 60 km del establecimiento educativo, o 2 viajes mensuales si el beneficiario reside a m\u00e1s de 60 km del establecimiento educativo.<\/p>\n<p>En conferencias de prensa brindadas este martes en las terminales de \u00f3mnibus de Rosario y de Santa Fe, la funcionaria indic\u00f3 que para el BE 2024 \u201cno hay fecha de cierre de la inscripci\u00f3n, sino que sigue todo el a\u00f1o\u201d.<\/p>\n<p>\u201cEl Boleto Educativo es una pol\u00edtica de Estado que el gobernador Maximiliano Pullaro decidi\u00f3 sostener, y que no tiene nada que ver con los subsidios nacionales\u201d, dijo Ghilotti en referencia a la herramienta que comenz\u00f3 a aplicarse en toda la provincia en 2021, aunque aclar\u00f3 que \u201cprimero hicimos una auditor\u00eda y mejoramos la franquicia\u201d.<\/p>\n<p>Al respecto, Ghilotti anunci\u00f3 que el BE 2024 se podr\u00e1 utilizar a partir del 1 de febrero, \u201cque es algo que nos reclamaban, y que va a culminar el \u00faltimo d\u00eda lectivo, es decir que van a poder utilizarlo hasta el \u00faltimo d\u00eda de clases en diciembre los alumnos, y hasta el \u00faltimo d\u00eda del a\u00f1o los docentes y asistentes escolares. Eso es un beneficio que hemos implementado\u201d.<\/p>\n<p><strong>Online<\/strong><\/p>\n<p>Quienes quieran acceder al Boleto Educativo deben inscribirse ingresando a la app \u201cBoleto Educativo\u201d a trav\u00e9s del celular, o ingresando en <a href=\"http:\/\/www.santafe.gov.ar\/boletoeducativo\">www.santafe.gov.ar\/boletoeducativo<\/a> . La inscripci\u00f3n es 100% online, \u201cel proceso es muy sencillo y hasta ahora no tuvimos ning\u00fan tipo de problema\u201d, remarc\u00f3 Ghilotti, quien indic\u00f3 que los interesados deben ingresar sus datos personales y el establecimiento al que concurren (a trabajar o a estudiar), as\u00ed como los datos de la tarjeta SUBE en caso de poseerla.<\/p>\n<p>Quienes hayan tramitado el beneficio en 2023, deber\u00e1n reinscribirse para este a\u00f1o en curso. Por consultas, se habilitan tres puntos de atenci\u00f3n: la Estaci\u00f3n Terminal de \u00d3mnibus en Santa Fe; la Estaci\u00f3n Terminal de \u00d3mnibus en Rosario; y la Unidad de Gesti\u00f3n SUBE en Iriondo 560 (Reconquista). Tambi\u00e9n se pueden realizar consultas telef\u00f3nicas al 0800 777 0801 de lunes a viernes de 8 a 18.<\/p>\n<p>Finalmente, Ghilotti mencion\u00f3 que desde el gobierno \u201ctrabajamos tambi\u00e9n muy fuerte con las empresas prestatarias del servicio. Ah\u00ed hab\u00eda una deuda del gobierno anterior, y liquidamos todos los expedientes pendientes, se pagaron los subsidios, sinceramos la tarifa, y ahora estamos en condiciones de trabajar muy fuerte para que el Boleto Educativo sea una de las principales herramientas de la Provincia\u201d.<\/p>\n","protected":false},"excerpt":{"rendered":"<p>A menos de un d\u00eda del relanzamiento, es masiva la adhesi\u00f3n al programa. Provincia sald\u00f3 las deudas que hab\u00eda con las empresas que prestan el servicio y dispuso mejoras en la herramienta: podr\u00e1 utilizarse desde el 1 de febrero hasta el fin del ciclo lectivo (los alumnos) y hasta el \u00faltimo d\u00eda del a\u00f1o (docentes [&hellip;]<\/p>\n","protected":false},"author":3,"featured_media":49572,"comment_status":"closed","ping_status":"closed","sticky":false,"template":"","format":"standard","meta":{"_joinchat":[],"footnotes":""},"categories":[60],"tags":[],"class_list":{"0":"post-49571","1":"post","2":"type-post","3":"status-publish","4":"format-standard","5":"has-post-thumbnail","7":"category-provinciales"},"_links":{"self":[{"href":"https:\/\/infovera.com.ar\/web\/wp-json\/wp\/v2\/posts\/49571","targetHints":{"allow":["GET"]}}],"collection":[{"href":"https:\/\/infovera.com.ar\/web\/wp-json\/wp\/v2\/posts"}],"about":[{"href":"https:\/\/infovera.com.ar\/web\/wp-json\/wp\/v2\/types\/post"}],"author":[{"embeddable":true,"href":"https:\/\/infovera.com.ar\/web\/wp-json\/wp\/v2\/users\/3"}],"replies":[{"embeddable":true,"href":"https:\/\/infovera.com.ar\/web\/wp-json\/wp\/v2\/comments?post=49571"}],"version-history":[{"count":0,"href":"https:\/\/infovera.com.ar\/web\/wp-json\/wp\/v2\/posts\/49571\/revisions"}],"wp:featuredmedia":[{"embeddable":true,"href":"https:\/\/infovera.com.ar\/web\/wp-json\/wp\/v2\/media\/49572"}],"wp:attachment":[{"href":"https:\/\/infovera.com.ar\/web\/wp-json\/wp\/v2\/media?parent=49571"}],"wp:term":[{"taxonomy":"category","embeddable":true,"href":"https:\/\/infovera.com.ar\/web\/wp-json\/wp\/v2\/categories?post=49571"},{"taxonomy":"post_tag","embeddable":true,"href":"https:\/\/infovera.com.ar\/web\/wp-json\/wp\/v2\/tags?post=49571"}],"curies":[{"name":"wp","href":"https:\/\/api.w.org\/{rel}","templated":true}]}}