{"id":49568,"date":"2024-01-24T12:09:39","date_gmt":"2024-01-24T15:09:39","guid":{"rendered":"https:\/\/infovera.com.ar\/web\/?p=49568"},"modified":"2024-01-24T12:09:39","modified_gmt":"2024-01-24T15:09:39","slug":"quiso-coimear-a-la-policia-con-20-millones-y-termino-preso","status":"publish","type":"post","link":"https:\/\/infovera.com.ar\/web\/2024\/01\/24\/quiso-coimear-a-la-policia-con-20-millones-y-termino-preso\/","title":{"rendered":"Quiso coimear a la Polic\u00eda con $ 20 millones y termin\u00f3 preso"},"content":{"rendered":"<p>Se trata de un hombre que ten\u00eda buscado por el Juzgado Federal N\u00ba 3 de Rosario desde 2019. En la intersecci\u00f3n de las rutas 42 y 40 fue interceptado por un control cuando circulaba en sentido contrario y emprendi\u00f3 la fuga. Fue detenido a 14 kil\u00f3metros y qued\u00f3 detenido tras ofrecer una suma de 20 millones para escapar.<\/p>\n<p>Cuando eran las 3 de la tarde, y en circunstancia que personal policial se encontraba patrullando a ra\u00edz de un operativo cerrojo solicitado por un hecho delictivo en la zona de G\u00e1lvez, se encuentran sobre la Ruta 42S y la intersecci\u00f3n con la ruta 40S, con una camioneta blanca con vidrios polarizados que circulaba en sentido contrario. El conductor, al advertir la presencia policial, frena, da marcha atr\u00e1s e inicia una fuga por caminos rurales a gran velocidad.<\/p>\n<p>Unos 14 km despu\u00e9s, el veh\u00edculo pierde el control y queda incrustado en la cuneta, logrando el personal policial la identificaci\u00f3n del conductor que iba acompa\u00f1ado de un menor de 12 a\u00f1os.<\/p>\n<p>Al descender del rodado, el sujeto le manifiesta a los agentes que es requerido por la Justicia Federal, y seguidamente les ofrece la suma de $20.000.000 para que lo dejen continuar. Ante esto los efectivos proceden a la aprehensi\u00f3n y trasladan el procedimiento a sede policial, donde se libra comunicaci\u00f3n con el fiscal, que dispuso que quede detenido con la caratula a prima facie de Resistencia a la Autoridad y Tentativa de Cohecho, y se proceda al secuestro del veh\u00edculo.<\/p>\n<p>Seguidamente se comprob\u00f3 que el hombre contaba con prohibici\u00f3n de salida del pa\u00eds desde el 28 de junio 2019 y era requerido por el Juzgado Federal N\u00b0 3 de Rosario. A continuaci\u00f3n se libr\u00f3 comunicaci\u00f3n con la Secretaria del Juzgado Federal en Turno, Candelaria Sagues, que pasada las 20 dispuso quede detenido y sea trasladado al Juzgado Federal N\u00b03 Rosario para prestar declaraci\u00f3n indagatoria.<\/p>\n","protected":false},"excerpt":{"rendered":"<p>Se trata de un hombre que ten\u00eda buscado por el Juzgado Federal N\u00ba 3 de Rosario desde 2019. En la intersecci\u00f3n de las rutas 42 y 40 fue interceptado por un control cuando circulaba en sentido contrario y emprendi\u00f3 la fuga. Fue detenido a 14 kil\u00f3metros y qued\u00f3 detenido tras ofrecer una suma de 20 [&hellip;]<\/p>\n","protected":false},"author":3,"featured_media":49569,"comment_status":"closed","ping_status":"closed","sticky":false,"template":"","format":"standard","meta":{"_joinchat":[],"footnotes":""},"categories":[60],"tags":[],"class_list":{"0":"post-49568","1":"post","2":"type-post","3":"status-publish","4":"format-standard","5":"has-post-thumbnail","7":"category-provinciales"},"_links":{"self":[{"href":"https:\/\/infovera.com.ar\/web\/wp-json\/wp\/v2\/posts\/49568","targetHints":{"allow":["GET"]}}],"collection":[{"href":"https:\/\/infovera.com.ar\/web\/wp-json\/wp\/v2\/posts"}],"about":[{"href":"https:\/\/infovera.com.ar\/web\/wp-json\/wp\/v2\/types\/post"}],"author":[{"embeddable":true,"href":"https:\/\/infovera.com.ar\/web\/wp-json\/wp\/v2\/users\/3"}],"replies":[{"embeddable":true,"href":"https:\/\/infovera.com.ar\/web\/wp-json\/wp\/v2\/comments?post=49568"}],"version-history":[{"count":0,"href":"https:\/\/infovera.com.ar\/web\/wp-json\/wp\/v2\/posts\/49568\/revisions"}],"wp:featuredmedia":[{"embeddable":true,"href":"https:\/\/infovera.com.ar\/web\/wp-json\/wp\/v2\/media\/49569"}],"wp:attachment":[{"href":"https:\/\/infovera.com.ar\/web\/wp-json\/wp\/v2\/media?parent=49568"}],"wp:term":[{"taxonomy":"category","embeddable":true,"href":"https:\/\/infovera.com.ar\/web\/wp-json\/wp\/v2\/categories?post=49568"},{"taxonomy":"post_tag","embeddable":true,"href":"https:\/\/infovera.com.ar\/web\/wp-json\/wp\/v2\/tags?post=49568"}],"curies":[{"name":"wp","href":"https:\/\/api.w.org\/{rel}","templated":true}]}}