{"id":49562,"date":"2024-01-24T11:59:43","date_gmt":"2024-01-24T14:59:43","guid":{"rendered":"https:\/\/infovera.com.ar\/web\/?p=49562"},"modified":"2024-01-25T18:16:33","modified_gmt":"2024-01-25T21:16:33","slug":"presentaron-el-carnaval-de-vera-2024","status":"publish","type":"post","link":"https:\/\/infovera.com.ar\/web\/2024\/01\/24\/presentaron-el-carnaval-de-vera-2024\/","title":{"rendered":"Presentaron el Carnaval de Vera 2024"},"content":{"rendered":"<p>Junto a las comparsas participantes y los organizadores del evento, el municipio realiz\u00f3 en la tarde de martes el lanzamiento oficial de la edici\u00f3n 2024 del Carnaval de la ciudad.<\/p>\n<p>Este a\u00f1o, la Municipalidad de Vera acompa\u00f1ar\u00e1 a los organizadores con la log\u00edstica e infraestructura del evento.<\/p>\n<p>Al respecto, Noral\u00ed Vicente, coordinadora ejecutiva de Gobierno explic\u00f3: \u201cPor disposici\u00f3n de la intendente municipal Paula Mitre, que ante compromisos de gesti\u00f3n debi\u00f3 viajar y no podr\u00e1 estar presente, hoy estamos realizando el lanzamiento de este evento que forma parte importante de la cultura de nuestra ciudad y que a pesar de la dif\u00edcil situaci\u00f3n econ\u00f3mica que estamos atravesando, empresarios verenses, acompa\u00f1ados por las comparsas y la Municipalidad, han decidido ponerse al frente de dicho espect\u00e1culo, para que nuestras comparsas puedan lucir el trabajo que realizaron durante todo el a\u00f1o\u201d.<\/p>\n<p>Respecto al rol de la Municipalidad en esta edici\u00f3n, Vicente expres\u00f3: \u201cDesde el municipio estamos apoyando fuertemente la realizaci\u00f3n y es por eso que aportaremos toda la estructura de servicios que es necesaria para que se lleve a cabo como: vallados, limpieza, iluminaci\u00f3n, maquinarias y personal de servicios p\u00fablicos e Inspectores, cajas de conexi\u00f3n de energ\u00eda, etc.\u201d.<\/p>\n<p>A su turno, Federico Su\u00e1rez, empresario organizador del Carnaval, sostuvo: \u201cEste a\u00f1o el evento tendr\u00e1 implementadas algunas modificaciones, como un escenario fijo para las bandas y batucadas, algo que ya se aplica en otros carnavales de la regi\u00f3n y nos significa una reducci\u00f3n importante de los costos.<\/p>\n<p>En cuanto a las entradas, implementaremos la venta anticipada, que se podr\u00e1 realizar desde el 1\u00b0 de febrero en dos puntos de la ciudad: Minimarket Boulevard 24 hs. Y en Maxi kiosco 360. Las mismas tendr\u00e1n un costo de $3.000 para mayores y $1500 menores desde los 10 a\u00f1os.<\/p>\n<p>En caso de que quieran adquirir las entradas directamente en la puerta del evento, el inicio del mismo ser\u00e1 a las 21 hs. Los d\u00edas 10, 11 y 17 de febrero Y el costo de la entrada es de $4.000\u201d.<\/p>\n","protected":false},"excerpt":{"rendered":"<p>Junto a las comparsas participantes y los organizadores del evento, el municipio realiz\u00f3 en la tarde de martes el lanzamiento oficial de la edici\u00f3n 2024 del Carnaval de la ciudad. Este a\u00f1o, la Municipalidad de Vera acompa\u00f1ar\u00e1 a los organizadores con la log\u00edstica e infraestructura del evento. Al respecto, Noral\u00ed Vicente, coordinadora ejecutiva de Gobierno [&hellip;]<\/p>\n","protected":false},"author":3,"featured_media":49563,"comment_status":"closed","ping_status":"closed","sticky":false,"template":"","format":"standard","meta":{"_joinchat":[],"footnotes":""},"categories":[53],"tags":[],"class_list":{"0":"post-49562","1":"post","2":"type-post","3":"status-publish","4":"format-standard","5":"has-post-thumbnail","7":"category-vera"},"_links":{"self":[{"href":"https:\/\/infovera.com.ar\/web\/wp-json\/wp\/v2\/posts\/49562","targetHints":{"allow":["GET"]}}],"collection":[{"href":"https:\/\/infovera.com.ar\/web\/wp-json\/wp\/v2\/posts"}],"about":[{"href":"https:\/\/infovera.com.ar\/web\/wp-json\/wp\/v2\/types\/post"}],"author":[{"embeddable":true,"href":"https:\/\/infovera.com.ar\/web\/wp-json\/wp\/v2\/users\/3"}],"replies":[{"embeddable":true,"href":"https:\/\/infovera.com.ar\/web\/wp-json\/wp\/v2\/comments?post=49562"}],"version-history":[{"count":0,"href":"https:\/\/infovera.com.ar\/web\/wp-json\/wp\/v2\/posts\/49562\/revisions"}],"wp:featuredmedia":[{"embeddable":true,"href":"https:\/\/infovera.com.ar\/web\/wp-json\/wp\/v2\/media\/49563"}],"wp:attachment":[{"href":"https:\/\/infovera.com.ar\/web\/wp-json\/wp\/v2\/media?parent=49562"}],"wp:term":[{"taxonomy":"category","embeddable":true,"href":"https:\/\/infovera.com.ar\/web\/wp-json\/wp\/v2\/categories?post=49562"},{"taxonomy":"post_tag","embeddable":true,"href":"https:\/\/infovera.com.ar\/web\/wp-json\/wp\/v2\/tags?post=49562"}],"curies":[{"name":"wp","href":"https:\/\/api.w.org\/{rel}","templated":true}]}}