{"id":49549,"date":"2024-01-23T10:45:22","date_gmt":"2024-01-23T13:45:22","guid":{"rendered":"https:\/\/infovera.com.ar\/web\/?p=49549"},"modified":"2024-01-23T10:45:22","modified_gmt":"2024-01-23T13:45:22","slug":"una-camioneta-y-una-moto-chocaron-en-calchaqui","status":"publish","type":"post","link":"https:\/\/infovera.com.ar\/web\/2024\/01\/23\/una-camioneta-y-una-moto-chocaron-en-calchaqui\/","title":{"rendered":"Una camioneta y una moto chocaron en Calchaqu\u00ed"},"content":{"rendered":"<p>Durante la jornada del lunes colisionaron un auto y una moto en Calchaqu\u00ed.<\/p>\n<p>El accidente se produjo en Estanislao L\u00f3pez, entre 25 de Mayo y Tucum\u00e1n.<\/p>\n<p>Por causas que se tratan de establecer, chocaron una VW Saveiro y una Honda XR 250 cc.<\/p>\n<p>Al bordo de la camioneta iba Mart\u00edn Ca\u00f1ete, de 21 a\u00f1os, en tanto que en la moto circulaba Mart\u00edn Peress\u00edn, de 43 a\u00f1os.<\/p>\n<p>Fueron trasladados al Hospital local para su atenci\u00f3n medica ambos participantes del siniestro.<\/p>\n<p>El conductor de la Honda fue derivado a un centro de salud de la ciudad de Reconquista.<\/p>\n","protected":false},"excerpt":{"rendered":"<p>Durante la jornada del lunes colisionaron un auto y una moto en Calchaqu\u00ed. El accidente se produjo en Estanislao L\u00f3pez, entre 25 de Mayo y Tucum\u00e1n. Por causas que se tratan de establecer, chocaron una VW Saveiro y una Honda XR 250 cc. Al bordo de la camioneta iba Mart\u00edn Ca\u00f1ete, de 21 a\u00f1os, en [&hellip;]<\/p>\n","protected":false},"author":3,"featured_media":39475,"comment_status":"closed","ping_status":"closed","sticky":false,"template":"","format":"standard","meta":{"_joinchat":[],"footnotes":""},"categories":[52,30],"tags":[],"class_list":{"0":"post-49549","1":"post","2":"type-post","3":"status-publish","4":"format-standard","5":"has-post-thumbnail","7":"category-calchaqui","8":"category-policiales"},"_links":{"self":[{"href":"https:\/\/infovera.com.ar\/web\/wp-json\/wp\/v2\/posts\/49549","targetHints":{"allow":["GET"]}}],"collection":[{"href":"https:\/\/infovera.com.ar\/web\/wp-json\/wp\/v2\/posts"}],"about":[{"href":"https:\/\/infovera.com.ar\/web\/wp-json\/wp\/v2\/types\/post"}],"author":[{"embeddable":true,"href":"https:\/\/infovera.com.ar\/web\/wp-json\/wp\/v2\/users\/3"}],"replies":[{"embeddable":true,"href":"https:\/\/infovera.com.ar\/web\/wp-json\/wp\/v2\/comments?post=49549"}],"version-history":[{"count":0,"href":"https:\/\/infovera.com.ar\/web\/wp-json\/wp\/v2\/posts\/49549\/revisions"}],"wp:featuredmedia":[{"embeddable":true,"href":"https:\/\/infovera.com.ar\/web\/wp-json\/wp\/v2\/media\/39475"}],"wp:attachment":[{"href":"https:\/\/infovera.com.ar\/web\/wp-json\/wp\/v2\/media?parent=49549"}],"wp:term":[{"taxonomy":"category","embeddable":true,"href":"https:\/\/infovera.com.ar\/web\/wp-json\/wp\/v2\/categories?post=49549"},{"taxonomy":"post_tag","embeddable":true,"href":"https:\/\/infovera.com.ar\/web\/wp-json\/wp\/v2\/tags?post=49549"}],"curies":[{"name":"wp","href":"https:\/\/api.w.org\/{rel}","templated":true}]}}