{"id":49546,"date":"2024-01-23T10:35:08","date_gmt":"2024-01-23T13:35:08","guid":{"rendered":"https:\/\/infovera.com.ar\/web\/?p=49546"},"modified":"2024-01-23T10:35:46","modified_gmt":"2024-01-23T13:35:46","slug":"centro-comercial-advierte-que-el-par-es-inoportuno-e-inadecuado","status":"publish","type":"post","link":"https:\/\/infovera.com.ar\/web\/2024\/01\/23\/centro-comercial-advierte-que-el-par-es-inoportuno-e-inadecuado\/","title":{"rendered":"Centro Comercial advierte que el paro es &#8220;inoportuno e inadecuado&#8221;"},"content":{"rendered":"<p>Postura del Centro Industrial y Comercial de Avellaneda ante el paro nacional y la reforma laboral.<\/p>\n<p>Desde el Centro Industrial y Comercial de Avellaneda consideramos que el paro general<br \/>\nprogramado para este mi\u00e9rcoles 24 de enero es totalmente inoportuno e inadecuado.<br \/>\nDado que se ver\u00e1 interrumpida la producci\u00f3n y la actividad comercial, ser\u00e1 notable la<br \/>\np\u00e9rdida econ\u00f3mica a nivel nacional.<\/p>\n<p>Las pymes, los sectores que representamos y de los cuales formamos parte, somos<br \/>\nprincipales generadoras de empleo registrado y necesitamos continuar con nuestras<br \/>\nactividades para crear m\u00e1s fuentes de trabajo.<\/p>\n<p>Por ello, S\u00cd apoyamos fervientemente la reforma laboral y la reforma de la matriz<br \/>\nimpositiva planteadas por el Gobierno Nacional en el DNU con la \u201cley \u00f3mnibus\u201d.<\/p>\n<p>Creemos que estas dos reformas estructurales constituyen la base del cambio necesario<br \/>\npara las pymes, y lo que nos permitir\u00eda seguir generando empleo para recuperar la<br \/>\neconom\u00eda de nuestro pa\u00eds.<\/p>\n","protected":false},"excerpt":{"rendered":"<p>Postura del Centro Industrial y Comercial de Avellaneda ante el paro nacional y la reforma laboral. Desde el Centro Industrial y Comercial de Avellaneda consideramos que el paro general programado para este mi\u00e9rcoles 24 de enero es totalmente inoportuno e inadecuado. Dado que se ver\u00e1 interrumpida la producci\u00f3n y la actividad comercial, ser\u00e1 notable la [&hellip;]<\/p>\n","protected":false},"author":3,"featured_media":28987,"comment_status":"closed","ping_status":"closed","sticky":false,"template":"","format":"standard","meta":{"_joinchat":[],"footnotes":""},"categories":[61],"tags":[],"class_list":{"0":"post-49546","1":"post","2":"type-post","3":"status-publish","4":"format-standard","5":"has-post-thumbnail","7":"category-regionales"},"_links":{"self":[{"href":"https:\/\/infovera.com.ar\/web\/wp-json\/wp\/v2\/posts\/49546","targetHints":{"allow":["GET"]}}],"collection":[{"href":"https:\/\/infovera.com.ar\/web\/wp-json\/wp\/v2\/posts"}],"about":[{"href":"https:\/\/infovera.com.ar\/web\/wp-json\/wp\/v2\/types\/post"}],"author":[{"embeddable":true,"href":"https:\/\/infovera.com.ar\/web\/wp-json\/wp\/v2\/users\/3"}],"replies":[{"embeddable":true,"href":"https:\/\/infovera.com.ar\/web\/wp-json\/wp\/v2\/comments?post=49546"}],"version-history":[{"count":0,"href":"https:\/\/infovera.com.ar\/web\/wp-json\/wp\/v2\/posts\/49546\/revisions"}],"wp:featuredmedia":[{"embeddable":true,"href":"https:\/\/infovera.com.ar\/web\/wp-json\/wp\/v2\/media\/28987"}],"wp:attachment":[{"href":"https:\/\/infovera.com.ar\/web\/wp-json\/wp\/v2\/media?parent=49546"}],"wp:term":[{"taxonomy":"category","embeddable":true,"href":"https:\/\/infovera.com.ar\/web\/wp-json\/wp\/v2\/categories?post=49546"},{"taxonomy":"post_tag","embeddable":true,"href":"https:\/\/infovera.com.ar\/web\/wp-json\/wp\/v2\/tags?post=49546"}],"curies":[{"name":"wp","href":"https:\/\/api.w.org\/{rel}","templated":true}]}}