{"id":49544,"date":"2024-01-22T18:42:12","date_gmt":"2024-01-22T21:42:12","guid":{"rendered":"https:\/\/infovera.com.ar\/web\/?p=49544"},"modified":"2024-01-22T18:42:12","modified_gmt":"2024-01-22T21:42:12","slug":"situacion-epidemiologica-en-la-provincia-al-22-de-enero","status":"publish","type":"post","link":"https:\/\/infovera.com.ar\/web\/2024\/01\/22\/situacion-epidemiologica-en-la-provincia-al-22-de-enero\/","title":{"rendered":"Situaci\u00f3n epidemiol\u00f3gica en la provincia al 22 de enero"},"content":{"rendered":"<p>Desde el Ministerio de Salud de Santa Fe, se informa que en la \u00faltima semana se confirmaron 124 nuevos casos de dengue en diferentes localidades de centro-norte y sur de la provincia.<\/p>\n<p>&nbsp;<\/p>\n<p>El total de los casos de dengue desde noviembre a la fecha asciende a 333 (aut\u00f3ctonos e importados) en todo el territorio. La circulaci\u00f3n viral aut\u00f3ctona es por los serotipos 1 y 2, present\u00e1ndose los brotes, circunscriptos y controlados por las actividades locales de bloqueo.<\/p>\n<p>&nbsp;<\/p>\n<p>Adem\u00e1s de los aut\u00f3ctonos, se contin\u00faan registrando casos con antecedente de viaje a provincias con alta circulaci\u00f3n como Chaco, Misiones, Formosa y Corrientes, que presentan el 99% de los casos del pa\u00eds.<\/p>\n<p>&nbsp;<\/p>\n<p>De forma simult\u00e1nea, en las localidades de Rosario y Santa Fe, se presenta desde diciembre, circulaci\u00f3n viral de chikungunya, enfermedad transmitida por el mismo vector. La circulaci\u00f3n es baja, 18 casos hasta la fecha, en su mayor\u00eda aut\u00f3ctonos.<\/p>\n<p>&nbsp;<\/p>\n<p>Dado que el dengue y el chikungunya son enfermedades transmitidas por el mosquito Aedes aegypti, una especie que puede vivir dentro de los hogares y alrededores e incrementa su poblaci\u00f3n en \u00e9pocas de calor, se recuerda que para evitar la propagaci\u00f3n de este insecto se recomienda realizar el descacharrado de las viviendas.<\/p>\n<p>&nbsp;<\/p>\n<p>Asimismo, se insiste en la importancia de evitar las picaduras del mosquito utilizando repelente; ropa clara y cubierta, especialmente luego de la ca\u00edda del sol; dormir en espacios con protecci\u00f3n para mosquitos; y utilizar insecticidas en el interior de las viviendas.<\/p>\n<p>&nbsp;<\/p>\n<p>Es importante prestar atenci\u00f3n a la aparici\u00f3n de s\u00edntomas como fiebre de 2 a 7 d\u00edas, sin afecci\u00f3n de las v\u00edas respiratorias; acompa\u00f1ada de fuerte dolor de cabeza y muscular o en las articulaciones, sarpullido, irritaci\u00f3n ocular, y malestar general. En caso de presentar alguno de estos s\u00edntomas, consultar al Centro de Salud m\u00e1s cercano y no automedicarse.<\/p>\n<p>&nbsp;<\/p>\n<p>Covid-19 y otros virus respiratorios<\/p>\n<p>&nbsp;<\/p>\n<p>Durante todas las semanas de 2023 se observ\u00f3 circulaci\u00f3n de SARS-CoV-2, VSR, influenza, parainfluenza y adenovirus.<\/p>\n<p>&nbsp;<\/p>\n<p>Si bien el n\u00famero de casos confirmados de COVID-19 por semana epidemiol\u00f3gica durante el a\u00f1o 2023 es menor en comparaci\u00f3n con a\u00f1os previos, se observ\u00f3 un ascenso de las detecciones de SARS-CoV-2 a partir del mes de diciembre.<\/p>\n<p>&nbsp;<\/p>\n<p>Durante enero de 2024 se notificaron 171 casos confirmados de Covid en todo el territorio provincial, con el reporte de un fallecimiento en la \u00faltima semana.<\/p>\n<p>&nbsp;<\/p>\n<p>La variante circulante es \u00d3micron.<\/p>\n<p>&nbsp;<\/p>\n<p>Se recomienda continuar con las medidas generales de prevenci\u00f3n y control de las infecciones respiratorias agudas: mantener completos los esquemas de vacunaci\u00f3n frente a SARS CoV-2, as\u00ed como tambi\u00e9n vacuna contra influenza, antineumoc\u00f3cica, contra Bordetella Pertussis y contra Haemophilus Influenzae b.<\/p>\n<p>&nbsp;<\/p>\n<p>Vacunaci\u00f3n gratuita<\/p>\n<p>&nbsp;<\/p>\n<p>Se recuerda la importancia de mantener actualizada la aplicaci\u00f3n de dosis de refuerzo de la vacuna contra el Covid-19, en centros de salud y hospitales de la salud p\u00fablica, de acuerdo con el siguiente esquema:<\/p>\n<p>&nbsp;<\/p>\n<p>&#8211; Una dosis cada seis meses: personas de 50 a\u00f1os o m\u00e1s, personas con inmunocompromiso (trastornos severos de las defensas), a partir de los seis meses de edad, personas gestantes.<\/p>\n<p>&nbsp;<\/p>\n<p>&#8211; Una dosis despu\u00e9s de los 6 meses de la \u00faltima, y luego una dosis al a\u00f1o: personas menores de 50 a\u00f1os con enfermedades cr\u00f3nicas (diabetes, obesidad), personal de salud y funciones estrat\u00e9gicas.<\/p>\n<p>&nbsp;<\/p>\n<p>&#8211; Una dosis despu\u00e9s de los 12 meses de la \u00faltima, y luego una dosis al a\u00f1o: personas entre 6 meses de edad y 49 a\u00f1os inclusive, sin problemas serios de salud.<\/p>\n<p>&nbsp;<\/p>\n<p>Las medidas de prevenci\u00f3n de Covid-19 son las correspondientes a infecciones respiratorias agudas, entre las que se encuentran la ventilaci\u00f3n de los ambientes, el lavado frecuente y adecuado de manos, y cubrir la boca y la nariz al toser y estornudar; desechar correctamente los pa\u00f1uelos descartables, no compartir art\u00edculos personales como vasos, cubiertos, y mantener completos los esquemas de vacunaci\u00f3n.<\/p>\n<p>&nbsp;<\/p>\n<p>Encefalitis Equina del Oeste<\/p>\n<p>&nbsp;<\/p>\n<p>Sobre la situaci\u00f3n epidemiol\u00f3gica de Encefalitis Equina del Oeste en humanos, se confirmaron dos nuevos casos en la provincia, totalizando 10 pacientes desde el 28 de noviembre (cuando se inici\u00f3 la vigilancia epidemiol\u00f3gica) a la fecha. Todos los casos presentaron antecedentes de actividades laborales o recreativas en \u00e1reas rurales.<\/p>\n<p>&nbsp;<\/p>\n<p>Los equipos del Ministerio de Salud contin\u00faan trabajando junto a municipios y comunas, en operativos de bloqueo y difusi\u00f3n de las formas de prevenci\u00f3n.<\/p>\n<p>&nbsp;<\/p>\n<p>Leptospirosis<\/p>\n<p>&nbsp;<\/p>\n<p>El monitoreo de leptospirosis, que se realiza en un contexto de emergencia h\u00eddrica, da cuenta de 4 casos confirmados desde diciembre en San Javier, Las Parejas, Granadero Baigorria y en Santa Rosa de Calchines. En lo que va del 2024 se confirm\u00f3 1 caso en Rosario.<\/p>\n<p>&nbsp;<\/p>\n<p>Dado el estado de alerta por lluvias intensas e inundaciones y anegamientos en diferentes localidades, se recomienda poner atenci\u00f3n a las medidas de prevenci\u00f3n de enfermedades transmitidas por roedores y otros eventos zoon\u00f3ticos.<\/p>\n","protected":false},"excerpt":{"rendered":"<p>Desde el Ministerio de Salud de Santa Fe, se informa que en la \u00faltima semana se confirmaron 124 nuevos casos de dengue en diferentes localidades de centro-norte y sur de la provincia. &nbsp; El total de los casos de dengue desde noviembre a la fecha asciende a 333 (aut\u00f3ctonos e importados) en todo el territorio. [&hellip;]<\/p>\n","protected":false},"author":3,"featured_media":0,"comment_status":"closed","ping_status":"closed","sticky":false,"template":"","format":"standard","meta":{"_joinchat":[],"footnotes":""},"categories":[60],"tags":[],"class_list":{"0":"post-49544","1":"post","2":"type-post","3":"status-publish","4":"format-standard","6":"category-provinciales"},"_links":{"self":[{"href":"https:\/\/infovera.com.ar\/web\/wp-json\/wp\/v2\/posts\/49544","targetHints":{"allow":["GET"]}}],"collection":[{"href":"https:\/\/infovera.com.ar\/web\/wp-json\/wp\/v2\/posts"}],"about":[{"href":"https:\/\/infovera.com.ar\/web\/wp-json\/wp\/v2\/types\/post"}],"author":[{"embeddable":true,"href":"https:\/\/infovera.com.ar\/web\/wp-json\/wp\/v2\/users\/3"}],"replies":[{"embeddable":true,"href":"https:\/\/infovera.com.ar\/web\/wp-json\/wp\/v2\/comments?post=49544"}],"version-history":[{"count":0,"href":"https:\/\/infovera.com.ar\/web\/wp-json\/wp\/v2\/posts\/49544\/revisions"}],"wp:attachment":[{"href":"https:\/\/infovera.com.ar\/web\/wp-json\/wp\/v2\/media?parent=49544"}],"wp:term":[{"taxonomy":"category","embeddable":true,"href":"https:\/\/infovera.com.ar\/web\/wp-json\/wp\/v2\/categories?post=49544"},{"taxonomy":"post_tag","embeddable":true,"href":"https:\/\/infovera.com.ar\/web\/wp-json\/wp\/v2\/tags?post=49544"}],"curies":[{"name":"wp","href":"https:\/\/api.w.org\/{rel}","templated":true}]}}