{"id":49475,"date":"2024-01-19T09:24:31","date_gmt":"2024-01-19T12:24:31","guid":{"rendered":"https:\/\/infovera.com.ar\/web\/?p=49475"},"modified":"2024-01-19T19:35:12","modified_gmt":"2024-01-19T22:35:12","slug":"fallecio-el-exdiputado-provincial-dario-vega","status":"publish","type":"post","link":"https:\/\/infovera.com.ar\/web\/2024\/01\/19\/fallecio-el-exdiputado-provincial-dario-vega\/","title":{"rendered":"Falleci\u00f3 el exdiputado provincial Dar\u00edo Vega"},"content":{"rendered":"<p>El deceso del exlegislador provincial de Las Toscas se produjo esta ma\u00f1ana.<\/p>\n<p>Estaba internado en un cl\u00ednica de su ciudad en estado cr\u00edtico y conectado a un respirador.<\/p>\n<p>Su fallecimiento se produjo a causa de una cruel enfermedad que padec\u00eda desde hace tiempo.<\/p>\n<p>Siempre, a pesar de su estado de salud, milit\u00f3 en pol\u00edtica activa en el peronismo.<\/p>\n<p>Ten\u00eda 58 a\u00f1os. Fue intendente tosquense de 2001-2005 y 2005-2009, diputado provincial en el periodo 2011-2015, y concejal 2019-2023 de la ciudad donde viv\u00eda.<\/p>\n<p>El c\u00e1ncer de pulm\u00f3n que le hab\u00edan detectado lo oblig\u00f3 en 2017 a renunciar a la candidatura a intendente. \u201cComo es de p\u00fablico conocimiento y yo lo he informado oportunamente, vengo afrontando un tratamiento para combatir mi enfermedad oncol\u00f3gica desde el mes de enero (2017), y con buena respuesta, gracias a Dios\u201d, comunic\u00f3 en aquel momento.<\/p>\n<p>Recuperado, dos a\u00f1os m\u00e1s tarde logr\u00f3 ingresar al Concejo Municipal hasta 2023, a\u00f1o \u00e9ste en que no pudo renovar su banca.<\/p>\n<p>Fue cultor de un estilo frontal, militante y de cercan\u00eda con los sectores m\u00e1s necesitados de la sociedad.<\/p>\n<p>Q.E.P.D<\/p>\n","protected":false},"excerpt":{"rendered":"<p>El deceso del exlegislador provincial de Las Toscas se produjo esta ma\u00f1ana. Estaba internado en un cl\u00ednica de su ciudad en estado cr\u00edtico y conectado a un respirador. Su fallecimiento se produjo a causa de una cruel enfermedad que padec\u00eda desde hace tiempo. Siempre, a pesar de su estado de salud, milit\u00f3 en pol\u00edtica activa [&hellip;]<\/p>\n","protected":false},"author":3,"featured_media":49476,"comment_status":"closed","ping_status":"closed","sticky":false,"template":"","format":"standard","meta":{"_joinchat":[],"footnotes":""},"categories":[61],"tags":[],"class_list":{"0":"post-49475","1":"post","2":"type-post","3":"status-publish","4":"format-standard","5":"has-post-thumbnail","7":"category-regionales"},"_links":{"self":[{"href":"https:\/\/infovera.com.ar\/web\/wp-json\/wp\/v2\/posts\/49475","targetHints":{"allow":["GET"]}}],"collection":[{"href":"https:\/\/infovera.com.ar\/web\/wp-json\/wp\/v2\/posts"}],"about":[{"href":"https:\/\/infovera.com.ar\/web\/wp-json\/wp\/v2\/types\/post"}],"author":[{"embeddable":true,"href":"https:\/\/infovera.com.ar\/web\/wp-json\/wp\/v2\/users\/3"}],"replies":[{"embeddable":true,"href":"https:\/\/infovera.com.ar\/web\/wp-json\/wp\/v2\/comments?post=49475"}],"version-history":[{"count":0,"href":"https:\/\/infovera.com.ar\/web\/wp-json\/wp\/v2\/posts\/49475\/revisions"}],"wp:featuredmedia":[{"embeddable":true,"href":"https:\/\/infovera.com.ar\/web\/wp-json\/wp\/v2\/media\/49476"}],"wp:attachment":[{"href":"https:\/\/infovera.com.ar\/web\/wp-json\/wp\/v2\/media?parent=49475"}],"wp:term":[{"taxonomy":"category","embeddable":true,"href":"https:\/\/infovera.com.ar\/web\/wp-json\/wp\/v2\/categories?post=49475"},{"taxonomy":"post_tag","embeddable":true,"href":"https:\/\/infovera.com.ar\/web\/wp-json\/wp\/v2\/tags?post=49475"}],"curies":[{"name":"wp","href":"https:\/\/api.w.org\/{rel}","templated":true}]}}