{"id":49414,"date":"2024-01-17T11:04:41","date_gmt":"2024-01-17T14:04:41","guid":{"rendered":"https:\/\/infovera.com.ar\/web\/?p=49414"},"modified":"2024-01-18T11:23:08","modified_gmt":"2024-01-18T14:23:08","slug":"recolectan-donaciones-desde-santa-fe-para-ayudar-a-los-afectados-por-el-temporal-del-norte","status":"publish","type":"post","link":"https:\/\/infovera.com.ar\/web\/2024\/01\/17\/recolectan-donaciones-desde-santa-fe-para-ayudar-a-los-afectados-por-el-temporal-del-norte\/","title":{"rendered":"Recolectan donaciones desde Santa Fe para ayudar a los afectados por el temporal del norte \u00a0"},"content":{"rendered":"<p>La solidaridad se activ\u00f3 en la capital provincial para dar una mano a Vera, Reconquista y zona.<\/p>\n<p>La ciudad de Santa Fe, que padeci\u00f3 una de las inundaciones m\u00e1s dram\u00e1ticas en 2003, sabe del da\u00f1o que produce el agua cuando ingresa a los hogares y a los barrios. Y tambi\u00e9n conoce la solidaridad tanto de su propia gente como de los for\u00e1neos. Ahora, al menos dos campa\u00f1as de donaciones ya se organizaron desde la capital provincial con el fin de ayudar a las personas que est\u00e1n afectadas por el temporal de la semana pasada y los consecuentes anegamientos.<\/p>\n<p>Si bien la emergencia h\u00eddrica mengu\u00f3, el panorama a\u00fan no es alentador. Al d\u00eda de hoy -martes-, en Reconquista sigue habiendo 179 evacuados y contin\u00faa muy afectado el sector del Callej\u00f3n del barrio La Cortada. Tambi\u00e9n hay necesidades de todo tipo en los barrios perif\u00e9ricos donde se cortaron las &#8220;changas&#8221;. En Vera, si bien no quedan evacuados, siguen los problemas en la zona rural con el suministro el\u00e9ctrico, y este lunes hubo un operativo para llevar v\u00edveres a la gente de los parajes.<\/p>\n<p>Adem\u00e1s de la asistencia del Estado, personas solidarias y entidades de distintos lugares est\u00e1n atentas a echar una mano a la gente del norte provincial. Por ejemplo, un grupo de verenses residentes en la ciudad de Santa Fe, que decidi\u00f3 &#8220;hacer algo&#8221; por su gente.<\/p>\n<p>&#8220;Ante la gran lluvia que hubo en el norte y con todos los problemas que trajo, sumados a las necesidades que esto provoc\u00f3, nos juntamos entre varios y quisimos ayudar&#8221;, cont\u00f3 H\u00e9ctor Lapissonde, presidente del Centro Espa\u00f1ol de Santa Fe y oriundo de Vera.<\/p>\n<p>Concretamente, el grupo est\u00e1 recolectando ropa, calzados, colchones, elementos de limpieza (como lavandina), alimentos no perecederos (leche en polvo, fideos, arroz, yerba, etc).<\/p>\n<p>&#8220;Estamos recaudando todo en un gimnasio de avenida Galicia 1880, que nos prest\u00f3 el espacio para acopiar las donaciones all\u00ed y clasificarlas. Tambi\u00e9n conseguimos que una empresa de Vera, que tiene sucursales en Santa Fe, nos facilite un cami\u00f3n para poder llevar lo recolectado cada jueves hacia all\u00e1&#8221;, sostuvo Lapissonde.<\/p>\n<p>Los verenses articularon con la fundaci\u00f3n Fundaluz, &#8220;que es una ong que trabaja hace muchos a\u00f1os all\u00e1, la cual puso a disposici\u00f3n una cuenta bancaria para hacer donaciones en efectivo. No solo recibe las donaciones que enviamos desde ac\u00e1 para repartir, sino que con lo que recauda en dinero puede comprar alimentos perecederos, como carne&#8221;, se\u00f1al\u00f3 el presidente del Centro Espa\u00f1ol.<\/p>\n<p>&#8220;Estaremos haciendo esta colecta mientras la necesidad contin\u00fae, porque si bien el casco urbano de Vera est\u00e1 sin agua, sigue habiendo problemas importantes en los parajes de la cu\u00f1a boscosa. Hay lugares donde se desbordaron arroyos, est\u00e1n incomunicados y a los que solo llega Defensa Civil en camionetas 4&#215;4. O sea, el aislamiento de esas comunidades y las necesidades son grandes&#8221;, remarc\u00f3.<\/p>\n<p><strong>-\u00bfQu\u00e9 siente como verense ante esta situaci\u00f3n que est\u00e1 pasando la gente del norte?<\/strong><\/p>\n<p>-Y, a los que no estamos en Vera siempre nos duelen cosas como estas. No nos podemos despegar nunca de los or\u00edgenes y cada vez que uno puede hacer algo para su pueblo, lo hace con mucho amor y ganas.<\/p>\n<p><strong>Colecta II<\/strong><\/p>\n<p>En tanto, la CTA Aut\u00f3noma tambi\u00e9n defini\u00f3 realizar una colecta a nivel provincial. &#8220;En esa regi\u00f3n se registr\u00f3 un r\u00e9cord hist\u00f3rico de 511 mm de lluvia entre el domingo y el mi\u00e9rcoles, cuando el promedio de enero es de 150 mm. Por ello, muchas personas han sido evacuadas y se est\u00e1 organizando la ayuda necesaria para colaborar frente a esta situaci\u00f3n&#8221;, dice la entidad en un flyer de difusi\u00f3n.<\/p>\n<p>Claudia Baigorria, secretaria general de la CTA Aut\u00f3noma Provincia de Santa Fe, expres\u00f3: &#8220;En la reuni\u00f3n que mantuvimos el s\u00e1bado, con presencia de secretarios y secretarias generales de todas las regionales y seccionales de nuestra provincia, en especial de Reconquista y Vera, se defini\u00f3 realizar una campa\u00f1a solidaria para ayudar a las familias afectadas por esta tremenda inundaci\u00f3n que padece esa regi\u00f3n a ra\u00edz de las lluvias&#8221;.<\/p>\n<p>De esta manera, se prev\u00e9n centros de donaci\u00f3n de la entidad en distintas ciudades, entre ellas, Santa Fe y Rosario. &#8220;Nos informan los compa\u00f1eros del norte que en los parajes de la Cu\u00f1a Boscosa, lo que m\u00e1s se necesita es: leche, harina, grasa, az\u00facar, yerba, arroz, fideo, aceite. Y elementos de limpieza, principalmente, lavandina. Tambi\u00e9n velas. En Reconquista se piden colchones, y en Avellaneda si bien el perjuicio fue menor, tambi\u00e9n necesitan de ayuda.<\/p>\n<p>&#8220;Tambi\u00e9n hacemos campa\u00f1a por La Quinta, que es un centro infantil y juvenil, donde trabajan referentes de la zona en favor de las ni\u00f1eces y adolescencias en situaci\u00f3n de vulnerabilidad. Hoy todo ese trabajo tan maravilloso se ve afectado por la inundaci\u00f3n. Y tambi\u00e9n se convirti\u00f3 en un centro de referencia para las donaciones&#8221;, explic\u00f3 Baigorria, quien agreg\u00f3 que &#8220;estas grandes lluvias agravan la crisis econ\u00f3mica que venimos viviendo&#8221;.<\/p>\n<p><strong>D\u00f3nde dirigirse para ayudar<\/strong><\/p>\n<p>-Verenses residentes en Santa Fe: avenida Galicia 1880, de lunes a viernes, de 18 a 21 horas; tel\u00e9fono 342 4620147 (para donaci\u00f3n de elementos). O a la fundaci\u00f3n Fundaluz para aportes en dinero, CBU: 1910377255037700803978.<\/p>\n<p>-Entidad sindical:\u00a0En Santa Fe, en Adul (Pasaje R. Mart\u00ednez 2683), donde se reciben donaciones de 9 a 15 horas (lunes a viernes), tel\u00e9fono: 0342 4533006\/ 4571244. Tambi\u00e9n en Rosario: San Lorenzo 1879. En Reconquista: Rivadavia 1275 (Incupo). O a la cuenta de La Quinta, cuyo Alias es: TIZA.CONGO.HIELO.<\/p>\n<p>Mariela Goy &#8211; El Litoral<\/p>\n","protected":false},"excerpt":{"rendered":"<p>La solidaridad se activ\u00f3 en la capital provincial para dar una mano a Vera, Reconquista y zona. La ciudad de Santa Fe, que padeci\u00f3 una de las inundaciones m\u00e1s dram\u00e1ticas en 2003, sabe del da\u00f1o que produce el agua cuando ingresa a los hogares y a los barrios. Y tambi\u00e9n conoce la solidaridad tanto de [&hellip;]<\/p>\n","protected":false},"author":3,"featured_media":49211,"comment_status":"closed","ping_status":"closed","sticky":false,"template":"","format":"standard","meta":{"_joinchat":[],"footnotes":""},"categories":[51],"tags":[],"class_list":{"0":"post-49414","1":"post","2":"type-post","3":"status-publish","4":"format-standard","5":"has-post-thumbnail","7":"category-locales"},"_links":{"self":[{"href":"https:\/\/infovera.com.ar\/web\/wp-json\/wp\/v2\/posts\/49414","targetHints":{"allow":["GET"]}}],"collection":[{"href":"https:\/\/infovera.com.ar\/web\/wp-json\/wp\/v2\/posts"}],"about":[{"href":"https:\/\/infovera.com.ar\/web\/wp-json\/wp\/v2\/types\/post"}],"author":[{"embeddable":true,"href":"https:\/\/infovera.com.ar\/web\/wp-json\/wp\/v2\/users\/3"}],"replies":[{"embeddable":true,"href":"https:\/\/infovera.com.ar\/web\/wp-json\/wp\/v2\/comments?post=49414"}],"version-history":[{"count":0,"href":"https:\/\/infovera.com.ar\/web\/wp-json\/wp\/v2\/posts\/49414\/revisions"}],"wp:featuredmedia":[{"embeddable":true,"href":"https:\/\/infovera.com.ar\/web\/wp-json\/wp\/v2\/media\/49211"}],"wp:attachment":[{"href":"https:\/\/infovera.com.ar\/web\/wp-json\/wp\/v2\/media?parent=49414"}],"wp:term":[{"taxonomy":"category","embeddable":true,"href":"https:\/\/infovera.com.ar\/web\/wp-json\/wp\/v2\/categories?post=49414"},{"taxonomy":"post_tag","embeddable":true,"href":"https:\/\/infovera.com.ar\/web\/wp-json\/wp\/v2\/tags?post=49414"}],"curies":[{"name":"wp","href":"https:\/\/api.w.org\/{rel}","templated":true}]}}