{"id":49411,"date":"2024-01-17T11:00:41","date_gmt":"2024-01-17T14:00:41","guid":{"rendered":"https:\/\/infovera.com.ar\/web\/?p=49411"},"modified":"2024-01-17T11:00:41","modified_gmt":"2024-01-17T14:00:41","slug":"vera-la-pdi-secuestro-un-auto-y-13-motores-trifasicos-que-se-vendian-por-redes-sociales","status":"publish","type":"post","link":"https:\/\/infovera.com.ar\/web\/2024\/01\/17\/vera-la-pdi-secuestro-un-auto-y-13-motores-trifasicos-que-se-vendian-por-redes-sociales\/","title":{"rendered":"Vera: la PDI secuestr\u00f3 un auto y 13 motores trif\u00e1sicos que se vend\u00edan por redes sociales"},"content":{"rendered":"<p>Investigan si los motores, que se ofrec\u00edan a la venta por redes sociales, eran robados.<\/p>\n<p>La Polic\u00eda de Investigaciones dependiente del Ministerio de Justicia y Seguridad, en colaboraci\u00f3n con Distrito Rafaela, intercept\u00f3 en la intersecci\u00f3n de las calles Allende Lezama y Rosario de esta ciudad, un autom\u00f3vil Chevrolet Onix que llevaba en el ba\u00fal 3 motores trif\u00e1sicos; por lo que procedieron al traslado de su conductor a sede policial, y al secuestro preventivo del veh\u00edculo y los 13 motores encontrados en un vivienda.<\/p>\n<p>El Departamento Operativo de PDI llev\u00f3 a cabo tareas de investigaci\u00f3n logrando establecer, luego de una intensa b\u00fasqueda por las redes sociales, que publicaban estos motores para la venta; determinando que estar\u00edan en un domicilio de calle Espa\u00f1a al 2000 de esta localidad. Con la orden judicial correspondiente se realiz\u00f3 una requisa en dicha vivienda procediendo al secuestro de 10 motores trif\u00e1sicos de diferentes marcas, tipos y tama\u00f1o, todos de inter\u00e9s para la causa.<\/p>\n<p>Como resultado de las medidas judiciales, y tras haberse presentado el propietario del autom\u00f3vil secuestrado, identificado como J. M., se lo notific\u00f3 de la causa \u201cRetenci\u00f3n Indebida\u201d prosiguiendo en estado de libertad. En cuanto al conductor del veh\u00edculo no se adopt\u00f3 medida procesal alguna; en tanto el autom\u00f3vil y los 13 motores trif\u00e1sicos secuestrados quedaron en custodia de la Unidad Investigativa a cargo.<\/p>\n<p>Intervino el fiscal Dr. Guillermo Loyola de la Unidad Fiscal de Rafaela.<\/p>\n","protected":false},"excerpt":{"rendered":"<p>Investigan si los motores, que se ofrec\u00edan a la venta por redes sociales, eran robados. La Polic\u00eda de Investigaciones dependiente del Ministerio de Justicia y Seguridad, en colaboraci\u00f3n con Distrito Rafaela, intercept\u00f3 en la intersecci\u00f3n de las calles Allende Lezama y Rosario de esta ciudad, un autom\u00f3vil Chevrolet Onix que llevaba en el ba\u00fal 3 [&hellip;]<\/p>\n","protected":false},"author":3,"featured_media":49412,"comment_status":"closed","ping_status":"closed","sticky":false,"template":"","format":"standard","meta":{"_joinchat":[],"footnotes":""},"categories":[30,53],"tags":[],"class_list":{"0":"post-49411","1":"post","2":"type-post","3":"status-publish","4":"format-standard","5":"has-post-thumbnail","7":"category-policiales","8":"category-vera"},"_links":{"self":[{"href":"https:\/\/infovera.com.ar\/web\/wp-json\/wp\/v2\/posts\/49411","targetHints":{"allow":["GET"]}}],"collection":[{"href":"https:\/\/infovera.com.ar\/web\/wp-json\/wp\/v2\/posts"}],"about":[{"href":"https:\/\/infovera.com.ar\/web\/wp-json\/wp\/v2\/types\/post"}],"author":[{"embeddable":true,"href":"https:\/\/infovera.com.ar\/web\/wp-json\/wp\/v2\/users\/3"}],"replies":[{"embeddable":true,"href":"https:\/\/infovera.com.ar\/web\/wp-json\/wp\/v2\/comments?post=49411"}],"version-history":[{"count":0,"href":"https:\/\/infovera.com.ar\/web\/wp-json\/wp\/v2\/posts\/49411\/revisions"}],"wp:featuredmedia":[{"embeddable":true,"href":"https:\/\/infovera.com.ar\/web\/wp-json\/wp\/v2\/media\/49412"}],"wp:attachment":[{"href":"https:\/\/infovera.com.ar\/web\/wp-json\/wp\/v2\/media?parent=49411"}],"wp:term":[{"taxonomy":"category","embeddable":true,"href":"https:\/\/infovera.com.ar\/web\/wp-json\/wp\/v2\/categories?post=49411"},{"taxonomy":"post_tag","embeddable":true,"href":"https:\/\/infovera.com.ar\/web\/wp-json\/wp\/v2\/tags?post=49411"}],"curies":[{"name":"wp","href":"https:\/\/api.w.org\/{rel}","templated":true}]}}